{"id":30448,"date":"2025-12-30T15:33:36","date_gmt":"2025-12-30T14:33:36","guid":{"rendered":"https:\/\/www.dyrebeskyttelsen.no\/?p=30448"},"modified":"2026-01-19T12:59:19","modified_gmt":"2026-01-19T11:59:19","slug":"over-60-000-har-signert-mot-fyrverkeri","status":"publish","type":"post","link":"https:\/\/www.dyrebeskyttelsen.no\/en\/2025\/12\/30\/over-60-000-har-signert-mot-fyrverkeri\/","title":{"rendered":"Over 60.000 har signert mot fyrverkeri"},"content":{"rendered":"[vc_row type=&#8221;in_container&#8221; full_screen_row_position=&#8221;middle&#8221; column_margin=&#8221;default&#8221; column_direction=&#8221;default&#8221; column_direction_tablet=&#8221;default&#8221; column_direction_phone=&#8221;default&#8221; scene_position=&#8221;center&#8221; text_color=&#8221;dark&#8221; text_align=&#8221;left&#8221; row_border_radius=&#8221;none&#8221; row_border_radius_applies=&#8221;bg&#8221; row_position_desktop=&#8221;default&#8221; row_position_tablet=&#8221;inherit&#8221; row_position_phone=&#8221;inherit&#8221; overflow=&#8221;visible&#8221; overlay_strength=&#8221;0.3&#8243; gradient_direction=&#8221;left_to_right&#8221; shape_divider_position=&#8221;bottom&#8221; bg_image_animation=&#8221;none&#8221;][vc_column column_padding=&#8221;no-extra-padding&#8221; column_padding_tablet=&#8221;inherit&#8221; column_padding_phone=&#8221;inherit&#8221; column_padding_position=&#8221;all&#8221; flex_gap_desktop=&#8221;10px&#8221; column_element_direction_desktop=&#8221;default&#8221; column_element_spacing=&#8221;default&#8221; desktop_text_alignment=&#8221;default&#8221; tablet_text_alignment=&#8221;default&#8221; phone_text_alignment=&#8221;default&#8221; background_color_opacity=&#8221;1&#8243; background_hover_color_opacity=&#8221;1&#8243; column_backdrop_filter=&#8221;none&#8221; column_shadow=&#8221;none&#8221; column_border_radius=&#8221;none&#8221; column_link_target=&#8221;_self&#8221; column_position=&#8221;default&#8221; gradient_direction=&#8221;left_to_right&#8221; overlay_strength=&#8221;0.3&#8243; width=&#8221;1\/1&#8243; tablet_width_inherit=&#8221;default&#8221; animation_type=&#8221;default&#8221; bg_image_animation=&#8221;none&#8221; border_type=&#8221;simple&#8221; column_border_width=&#8221;none&#8221; column_border_style=&#8221;solid&#8221;][vc_column_text css=&#8221;&#8221; text_direction=&#8221;default&#8221;]\n<div id=\"attachment_30452\" style=\"width: 1360px\" class=\"wp-caption alignnone\"><img loading=\"lazy\" decoding=\"async\" aria-describedby=\"caption-attachment-30452\" class=\"wp-image-30452 size-full\" src=\"https:\/\/www.dyrebeskyttelsen.no\/wp-content\/uploads\/2025\/12\/FyrverkeriSak.png\" alt=\"\" width=\"1350\" height=\"759\" srcset=\"https:\/\/www.dyrebeskyttelsen.no\/wp-content\/uploads\/2025\/12\/FyrverkeriSak.png 1350w, https:\/\/www.dyrebeskyttelsen.no\/wp-content\/uploads\/2025\/12\/FyrverkeriSak-300x169.png 300w, https:\/\/www.dyrebeskyttelsen.no\/wp-content\/uploads\/2025\/12\/FyrverkeriSak-1024x576.png 1024w, https:\/\/www.dyrebeskyttelsen.no\/wp-content\/uploads\/2025\/12\/FyrverkeriSak-768x432.png 768w, https:\/\/www.dyrebeskyttelsen.no\/wp-content\/uploads\/2025\/12\/FyrverkeriSak-600x337.png 600w, https:\/\/www.dyrebeskyttelsen.no\/wp-content\/uploads\/2025\/12\/FyrverkeriSak-107x60.png 107w, https:\/\/www.dyrebeskyttelsen.no\/wp-content\/uploads\/2025\/12\/FyrverkeriSak-160x90.png 160w\" sizes=\"auto, (max-width: 1350px) 100vw, 1350px\" \/><p id=\"caption-attachment-30452\" class=\"wp-caption-text\">Bildet er generert av KI.<\/p><\/div>\n<p><strong>Ingen har sett hunden Turte siden nytt\u00e5rsaften i fjor. Fyrverkeri skremmer, skader og koster dyr som Turte livet hvert \u00e5r. <\/strong><strong><a href=\"http:\/\/neitilfyrverkeri.no\">Oppropet v\u00e5rt mot privat fyrverkeri<\/a> skal snart leveres til Stortinget klarer vi \u00e5 n\u00e5 100.000 signaturer f\u00f8r det?<\/strong><\/p>\n<p>Link til oppropet: <a href=\"http:\/\/neitilfyrverkeri.no\">neitilfyrverkeri.no<\/a><\/p>\n<h3><strong>Fyrverkeri har allerede krevd et hundeliv denne julen<\/strong><\/h3>\n<p>N\u00e5 f\u00f8r jul og i romjulen har vi i Dyrebeskyttelsen Norge fortalt historiene til flere dyr som har blitt hardt rammet av fyrverkeri.<\/p>\n<p><img loading=\"lazy\" decoding=\"async\" class=\" wp-image-30451 alignright\" src=\"https:\/\/www.dyrebeskyttelsen.no\/wp-content\/uploads\/2025\/12\/Nell.png\" alt=\"\" width=\"268\" height=\"335\" srcset=\"https:\/\/www.dyrebeskyttelsen.no\/wp-content\/uploads\/2025\/12\/Nell.png 990w, https:\/\/www.dyrebeskyttelsen.no\/wp-content\/uploads\/2025\/12\/Nell-240x300.png 240w, https:\/\/www.dyrebeskyttelsen.no\/wp-content\/uploads\/2025\/12\/Nell-819x1024.png 819w, https:\/\/www.dyrebeskyttelsen.no\/wp-content\/uploads\/2025\/12\/Nell-768x960.png 768w, https:\/\/www.dyrebeskyttelsen.no\/wp-content\/uploads\/2025\/12\/Nell-600x750.png 600w, https:\/\/www.dyrebeskyttelsen.no\/wp-content\/uploads\/2025\/12\/Nell-48x60.png 48w, https:\/\/www.dyrebeskyttelsen.no\/wp-content\/uploads\/2025\/12\/Nell-72x90.png 72w\" sizes=\"auto, (max-width: 268px) 100vw, 268px\" \/><\/p>\n<p>Historien om sauene Nell og Vera som d\u00f8de av skrekk, ble delt over tusen ganger og f\u00f8rte til at antallet underskrifter i oppropet som \u00f8nsker \u00e5 forby privat fyrverkeri bikket 60.000 to dager f\u00f8r nytt\u00e5rsaften.<\/p>\n<p>Samtidig kom det forferdelige nyheter fra Arendal om hunden Max som skal ha blitt skremt av fyrverkeri og som senere ble funnet omkommet.<\/p>\n<p>\u2013 N\u00e5r vi tillater privat bruk av fyrverkeri, tillater vi samtidig en risiko vi vet f\u00f8rer til store skader hvert eneste \u00e5r. Vi kan ikke lenger ha en praksis der hvem som helst kan kj\u00f8pe kraftige eksplosiver og fyre dem av midt blant dyr, mennesker og boliger. Det er p\u00e5 tide med en tryggere, mer moderne nytt\u00e5rsfeiring som ikke setter dyr og mennesker i fare, sier \u00c5shild Roaldset veterin\u00e6r og daglig leder i Dyrebeskyttelsen Norge.<\/p>\n<div id=\"attachment_30458\" style=\"width: 279px\" class=\"wp-caption aligncenter\"><img loading=\"lazy\" decoding=\"async\" aria-describedby=\"caption-attachment-30458\" class=\" wp-image-30458\" src=\"https:\/\/www.dyrebeskyttelsen.no\/wp-content\/uploads\/2025\/12\/Max.jpg\" alt=\"\" width=\"269\" height=\"491\" srcset=\"https:\/\/www.dyrebeskyttelsen.no\/wp-content\/uploads\/2025\/12\/Max.jpg 1206w, https:\/\/www.dyrebeskyttelsen.no\/wp-content\/uploads\/2025\/12\/Max-164x300.jpg 164w, https:\/\/www.dyrebeskyttelsen.no\/wp-content\/uploads\/2025\/12\/Max-560x1024.jpg 560w, https:\/\/www.dyrebeskyttelsen.no\/wp-content\/uploads\/2025\/12\/Max-768x1404.jpg 768w, https:\/\/www.dyrebeskyttelsen.no\/wp-content\/uploads\/2025\/12\/Max-840x1536.jpg 840w, https:\/\/www.dyrebeskyttelsen.no\/wp-content\/uploads\/2025\/12\/Max-1121x2048.jpg 1121w, https:\/\/www.dyrebeskyttelsen.no\/wp-content\/uploads\/2025\/12\/Max-600x1097.jpg 600w, https:\/\/www.dyrebeskyttelsen.no\/wp-content\/uploads\/2025\/12\/Max-33x60.jpg 33w, https:\/\/www.dyrebeskyttelsen.no\/wp-content\/uploads\/2025\/12\/Max-49x90.jpg 49w\" sizes=\"auto, (max-width: 269px) 100vw, 269px\" \/><p id=\"caption-attachment-30458\" class=\"wp-caption-text\">Skjermbilde fra Facebook.<\/p><\/div>\n<h3><\/h3>\n<h3><strong>\u00c5rets mest skremmende dag<\/strong><\/h3>\n<p>For mange dyr er nytt\u00e5rsaften \u00e5rets mest skremmende dag. Hvert \u00e5r mottar vi i Dyrebeskyttelsen Norge henvendelser fra fortvilte kj\u00e6ledyreiere. Ogs\u00e5 dyr i landbruket rammes hardt. Det meldes om kyr som tramper i hjel kalver i panikk, hester som f\u00e5r d\u00f8delige skader n\u00e5r de fors\u00f8ker \u00e5 r\u00f8mme fra stall, og sauer som d\u00f8r av stress.<\/p>\n<p>Ville dyr og s\u00e6rlig fugler rammes ogs\u00e5 n\u00e5r det kan skytes opp fyrverkeri hvor som helst.<\/p>\n<p>&nbsp;<\/p>\n<h3><\/h3>\n<h3><\/h3>\n<h3><\/h3>\n<h3><strong>Hunden Turte har v\u00e6rt savnet ett \u00e5r<\/strong><\/h3>\n<p>Ved inngangen til 2025 r\u00f8mte hunden Turte etter \u00e5 ha blitt skremt av fyrverkeri p\u00e5 Geilo. Siden har ingen sett den fem \u00e5r gamle tispa som b\u00e5de hadde halsb\u00e5nd og var ID-merket.<img loading=\"lazy\" decoding=\"async\" class=\"wp-image-30450 aligncenter\" src=\"https:\/\/www.dyrebeskyttelsen.no\/wp-content\/uploads\/2025\/12\/1.png\" alt=\"\" width=\"461\" height=\"576\" srcset=\"https:\/\/www.dyrebeskyttelsen.no\/wp-content\/uploads\/2025\/12\/1.png 1080w, https:\/\/www.dyrebeskyttelsen.no\/wp-content\/uploads\/2025\/12\/1-240x300.png 240w, https:\/\/www.dyrebeskyttelsen.no\/wp-content\/uploads\/2025\/12\/1-819x1024.png 819w, https:\/\/www.dyrebeskyttelsen.no\/wp-content\/uploads\/2025\/12\/1-768x960.png 768w, https:\/\/www.dyrebeskyttelsen.no\/wp-content\/uploads\/2025\/12\/1-600x750.png 600w, https:\/\/www.dyrebeskyttelsen.no\/wp-content\/uploads\/2025\/12\/1-48x60.png 48w, https:\/\/www.dyrebeskyttelsen.no\/wp-content\/uploads\/2025\/12\/1-72x90.png 72w\" sizes=\"auto, (max-width: 461px) 100vw, 461px\" \/><\/p>\n<p>Samme dag tok Anna Pakonen med seg hunden Koda ut p\u00e5 en rolig kveldstur i skogkanten i Tromsdalen, turen var i et omr\u00e5de som vanligvis er mindre p\u00e5virket av smell. Men da de kom ned fra stien, skj\u00f8t en ungdomsgjeng opp fyrverkeri. Ett av skuddene gikk feil vei og raste direkte mot hundeeieren og Koda.<\/p>\n<p>Eieren, som tidligere har blitt skadet av fyrverkeri som barn, reagerte instinktivt med panikk. B\u00e5ndet glapp i kaoset, og Koda sprang inn i skogen og forsvant.<\/p>\n<p>\u2013\u00a0 Ungdomsgjengen virket som de hadde drukket alkohol. De r\u00f8mte uten \u00e5 sp\u00f8rre om det gikk bra med meg eller hunden min, forteller hundeeieren.<\/p>\n<p>Til tross for s\u00f8k gjennom hele natten, frivillige mannskaper, varmes\u00f8kende drone og s\u00f8kehunder, var Koda borte i en uke. Da et tips kom tidlig en morgen, fant eierne ham endelig \u2013 utslitt, skremt, med s\u00e5r p\u00e5 kroppen og betydelig vekttap.<\/p>\n<p>\u2013 Vi fryktet at vi aldri skulle se ham igjen. Han m\u00e5 ha v\u00e6rt livredd, alene i skogen mens smellene fortsatte hele natten. Det kunne g\u00e5tt helt galt, forteller Anna.<\/p>\n<p>Vi kan ikke lenger tillate at hvem som helst h\u00e5ndterer fyrverkeri midt blant dyr og mennesker, sier daglig leder i Dyrebeskyttelsen Norge.<\/p>\n<h3><strong>72 prosent av \u00f8nsker forbud\u00a0<\/strong><\/h3>\n<p>En fersk unders\u00f8kelse fra\u00a0<a href=\"https:\/\/kommunikasjon.ntb.no\/pressemelding\/18369456\/nesten-3-av-4-onsker-forbud-mot-fyrverkeri?publisherId=89239&amp;lang=no\">NITO viser at 72 prosent er helt enig eller noe enig i at det er riktig \u00e5 forby privat fyrverkeri hvis kommunen arrangerer et offentlig fyrverkeri p\u00e5 nytt\u00e5rsaften. \u00a0<\/a><\/p>\n<p>\u2013 Dette er et tydelig signal. Folk er lei av kaoset, skadene og dyrelidelsene. N\u00e5r s\u00e5 mange \u00f8nsker endring, b\u00f8r v\u00e5re folkevalgte lytte. Mange europeiske land har allerede innf\u00f8rt totalforbud. Det er ingen grunn til at Norge skal henge etter, sier Roaldset.[\/vc_column_text][\/vc_column][\/vc_row]\n","protected":false},"excerpt":{"rendered":"<p>[vc_row type=&#8221;in_container&#8221; full_screen_row_position=&#8221;middle&#8221; column_margin=&#8221;default&#8221; column_direction=&#8221;default&#8221; column_direction_tablet=&#8221;default&#8221; column_direction_phone=&#8221;default&#8221; scene_position=&#8221;center&#8221; text_color=&#8221;dark&#8221; text_align=&#8221;left&#8221; row_border_radius=&#8221;none&#8221; row_border_radius_applies=&#8221;bg&#8221; row_position_desktop=&#8221;default&#8221; row_position_tablet=&#8221;inherit&#8221; row_position_phone=&#8221;inherit&#8221; overflow=&#8221;visible&#8221; overlay_strength=&#8221;0.3&#8243; gradient_direction=&#8221;left_to_right&#8221; shape_divider_position=&#8221;bottom&#8221; bg_image_animation=&#8221;none&#8221;][vc_column&#8230;<\/p>\n","protected":false},"author":70,"featured_media":30452,"comment_status":"closed","ping_status":"closed","sticky":false,"template":"","format":"standard","meta":{"_acf_changed":false,"give_campaign_id":0,"inline_featured_image":false,"footnotes":""},"categories":[32],"tags":[74,528,459,1064],"class_list":{"0":"post-30448","1":"post","2":"type-post","3":"status-publish","4":"format-standard","5":"has-post-thumbnail","7":"category-nyheter","8":"tag-dyrebeskyttelsen","9":"tag-forbud","10":"tag-fyrverkeri","11":"tag-nasjonalt-forbud"},"acf":[],"jetpack_featured_media_url":"https:\/\/www.dyrebeskyttelsen.no\/wp-content\/uploads\/2025\/12\/FyrverkeriSak.png","_links":{"self":[{"href":"https:\/\/www.dyrebeskyttelsen.no\/en\/wp-json\/wp\/v2\/posts\/30448","targetHints":{"allow":["GET"]}}],"collection":[{"href":"https:\/\/www.dyrebeskyttelsen.no\/en\/wp-json\/wp\/v2\/posts"}],"about":[{"href":"https:\/\/www.dyrebeskyttelsen.no\/en\/wp-json\/wp\/v2\/types\/post"}],"author":[{"embeddable":true,"href":"https:\/\/www.dyrebeskyttelsen.no\/en\/wp-json\/wp\/v2\/users\/70"}],"replies":[{"embeddable":true,"href":"https:\/\/www.dyrebeskyttelsen.no\/en\/wp-json\/wp\/v2\/comments?post=30448"}],"version-history":[{"count":0,"href":"https:\/\/www.dyrebeskyttelsen.no\/en\/wp-json\/wp\/v2\/posts\/30448\/revisions"}],"wp:featuredmedia":[{"embeddable":true,"href":"https:\/\/www.dyrebeskyttelsen.no\/en\/wp-json\/wp\/v2\/media\/30452"}],"wp:attachment":[{"href":"https:\/\/www.dyrebeskyttelsen.no\/en\/wp-json\/wp\/v2\/media?parent=30448"}],"wp:term":[{"taxonomy":"category","embeddable":true,"href":"https:\/\/www.dyrebeskyttelsen.no\/en\/wp-json\/wp\/v2\/categories?post=30448"},{"taxonomy":"post_tag","embeddable":true,"href":"https:\/\/www.dyrebeskyttelsen.no\/en\/wp-json\/wp\/v2\/tags?post=30448"}],"curies":[{"name":"wp","href":"https:\/\/api.w.org\/{rel}","templated":true}]}}