{"id":30114,"date":"2025-12-01T14:14:49","date_gmt":"2025-12-01T13:14:49","guid":{"rendered":"https:\/\/www.dyrebeskyttelsen.no\/?p=30114"},"modified":"2025-12-01T15:12:52","modified_gmt":"2025-12-01T14:12:52","slug":"nytt-verktoy-skal-bidra-til-a-stanse-uetisk-avl-pa-hunder","status":"publish","type":"post","link":"https:\/\/www.dyrebeskyttelsen.no\/en\/2025\/12\/01\/nytt-verktoy-skal-bidra-til-a-stanse-uetisk-avl-pa-hunder\/","title":{"rendered":"Nytt verkt\u00f8y skal\u00a0bidra til \u00e5\u00a0stanse\u00a0uetisk avl\u00a0p\u00e5\u00a0hunder\u00a0"},"content":{"rendered":"<p><b><span data-contrast=\"auto\"><img loading=\"lazy\" decoding=\"async\" class=\"alignnone size-full wp-image-30115\" src=\"https:\/\/www.dyrebeskyttelsen.no\/wp-content\/uploads\/2025\/12\/0C3A8531.jpg\" alt=\"\" width=\"2794\" height=\"2097\" srcset=\"https:\/\/www.dyrebeskyttelsen.no\/wp-content\/uploads\/2025\/12\/0C3A8531.jpg 2794w, https:\/\/www.dyrebeskyttelsen.no\/wp-content\/uploads\/2025\/12\/0C3A8531-300x225.jpg 300w, https:\/\/www.dyrebeskyttelsen.no\/wp-content\/uploads\/2025\/12\/0C3A8531-1024x769.jpg 1024w, https:\/\/www.dyrebeskyttelsen.no\/wp-content\/uploads\/2025\/12\/0C3A8531-768x576.jpg 768w, https:\/\/www.dyrebeskyttelsen.no\/wp-content\/uploads\/2025\/12\/0C3A8531-1536x1153.jpg 1536w, https:\/\/www.dyrebeskyttelsen.no\/wp-content\/uploads\/2025\/12\/0C3A8531-2048x1537.jpg 2048w, https:\/\/www.dyrebeskyttelsen.no\/wp-content\/uploads\/2025\/12\/0C3A8531-600x450.jpg 600w, https:\/\/www.dyrebeskyttelsen.no\/wp-content\/uploads\/2025\/12\/0C3A8531-80x60.jpg 80w, https:\/\/www.dyrebeskyttelsen.no\/wp-content\/uploads\/2025\/12\/0C3A8531-120x90.jpg 120w\" sizes=\"auto, (max-width: 2794px) 100vw, 2794px\" \/>En av verdens ledende forskere p\u00e5 hundehelse, professor Dan O\u2019Neill, har utviklet et nytt verkt\u00f8y som skal hjelpe b\u00e5de oppdrettere og myndigheter \u00e5 stoppe avl p\u00e5 hunder med skadelige, overdrevne kroppsformer.\u00a0<\/span><\/b><\/p>\n<p><span data-contrast=\"auto\">Dyrebeskyttelsen Norge ble invitert til det engelske parlamentet for \u00e5 delta p\u00e5 lanseringen av <a href=\"https:\/\/www.innatehealthassessment.org\">verkt\u00f8yet som kalles Innate Health Assessment (IHA) tool.<\/a> Det er laget som et tilsvar til den enorme helsetrusselen til<\/span><span data-contrast=\"auto\">\u00a0hunder med ekstrem amatomi.<\/span><span data-contrast=\"auto\">\u00a0Denne tiln\u00e6rmingen til helse hos hunder retter s\u00f8kelyset p\u00e5 hva som b\u00f8r v\u00e6re minimumskrav til funksjon og helse hos en helt vanlig hund. Det er her snakk om helt grunnleggende egenskaper for et godt liv, som for eksempel \u00e5 puste, blunke, se, logre og stelle seg. Det er alts\u00e5 ikke snakk om noen superhund- bare en hund.\u00a0<\/span><\/p>\n<div id=\"attachment_30119\" style=\"width: 417px\" class=\"wp-caption aligncenter\"><img loading=\"lazy\" decoding=\"async\" aria-describedby=\"caption-attachment-30119\" class=\"wp-image-30119\" src=\"https:\/\/www.dyrebeskyttelsen.no\/wp-content\/uploads\/2025\/12\/Parlamentet.jpg\" alt=\"\" width=\"407\" height=\"314\" srcset=\"https:\/\/www.dyrebeskyttelsen.no\/wp-content\/uploads\/2025\/12\/Parlamentet.jpg 1343w, https:\/\/www.dyrebeskyttelsen.no\/wp-content\/uploads\/2025\/12\/Parlamentet-300x232.jpg 300w, https:\/\/www.dyrebeskyttelsen.no\/wp-content\/uploads\/2025\/12\/Parlamentet-1024x791.jpg 1024w, https:\/\/www.dyrebeskyttelsen.no\/wp-content\/uploads\/2025\/12\/Parlamentet-768x593.jpg 768w, https:\/\/www.dyrebeskyttelsen.no\/wp-content\/uploads\/2025\/12\/Parlamentet-600x463.jpg 600w, https:\/\/www.dyrebeskyttelsen.no\/wp-content\/uploads\/2025\/12\/Parlamentet-78x60.jpg 78w, https:\/\/www.dyrebeskyttelsen.no\/wp-content\/uploads\/2025\/12\/Parlamentet-117x90.jpg 117w\" sizes=\"auto, (max-width: 407px) 100vw, 407px\" \/><p id=\"caption-attachment-30119\" class=\"wp-caption-text\">\u00c5shild og Eva fra Dyrebeskyttelsen Norge sammen med professor Dan O\u2019Neill.<\/p><\/div>\n<h2>Sjekkliste<\/h2>\n<p><span data-contrast=\"auto\">IHA fungerer som en enkel og visuell sjekkliste som vurderer om en hund er fysisk egnet for avl. Verkt\u00f8yet analyserer 10 tydelige kroppslige kjennetegn \u2013 som\u00a0blant annet\u00a0luftveier, hudfolder, \u00f8yne og hodeskalleform \u2013 omr\u00e5der der overdrevne trekk ofte f\u00f8rer til alvorlige og livslange helseproblemer.<\/span><span data-ccp-props=\"{}\">\u00a0<\/span><\/p>\n<div id=\"attachment_30117\" style=\"width: 782px\" class=\"wp-caption alignnone\"><img loading=\"lazy\" decoding=\"async\" aria-describedby=\"caption-attachment-30117\" class=\"size-full wp-image-30117\" src=\"https:\/\/www.dyrebeskyttelsen.no\/wp-content\/uploads\/2025\/12\/Skjermbilde-2025-12-01-140025.png\" alt=\"\" width=\"772\" height=\"535\" srcset=\"https:\/\/www.dyrebeskyttelsen.no\/wp-content\/uploads\/2025\/12\/Skjermbilde-2025-12-01-140025.png 772w, https:\/\/www.dyrebeskyttelsen.no\/wp-content\/uploads\/2025\/12\/Skjermbilde-2025-12-01-140025-300x208.png 300w, https:\/\/www.dyrebeskyttelsen.no\/wp-content\/uploads\/2025\/12\/Skjermbilde-2025-12-01-140025-768x532.png 768w, https:\/\/www.dyrebeskyttelsen.no\/wp-content\/uploads\/2025\/12\/Skjermbilde-2025-12-01-140025-600x416.png 600w, https:\/\/www.dyrebeskyttelsen.no\/wp-content\/uploads\/2025\/12\/Skjermbilde-2025-12-01-140025-87x60.png 87w, https:\/\/www.dyrebeskyttelsen.no\/wp-content\/uploads\/2025\/12\/Skjermbilde-2025-12-01-140025-130x90.png 130w\" sizes=\"auto, (max-width: 772px) 100vw, 772px\" \/><p id=\"caption-attachment-30117\" class=\"wp-caption-text\">Design: Sayaka Mochizuki<\/p><\/div>\n<h2><b><span data-contrast=\"auto\">Verkt\u00f8yet kan bli et krav for \u00e5 avle<\/span><\/b><span data-ccp-props=\"{}\">\u00a0<\/span><\/h2>\n<p><span data-contrast=\"auto\">Hvert punkt i vurderingen bygger p\u00e5 solid forskning som viser sammenheng mellom bestemte kroppsformer og d\u00e5rlig livskvalitet, smerte eller redusert fruktbarhet. Verkt\u00f8yet er testet i praksis og viser at ulike brukere kommer fram til de samme vurderingene, noe som gj\u00f8r det lett \u00e5 ta i bruk\u00a0i b\u00e5de avl\u00a0og tilsyn.<\/span><br \/>\n<span data-contrast=\"auto\">Verkt\u00f8yet kan\u00a0alts\u00e5\u00a0bli et effektivt hjelpemiddel for \u00e5 sikre at avl i st\u00f8rre grad skjer\u00a0i tr\u00e5d med\u00a0dyrevelferdsloven, og i tr\u00e5d med hundeavlsdommen fra H\u00f8yesterett.<\/span><span data-ccp-props=\"{}\">\u00a0<\/span><\/p>\n<p><span data-contrast=\"auto\">\u2014 I England jobbes det n\u00e5 politisk for at det skal bli obligatorisk for oppdrettere \u00e5 bruke verkt\u00f8yet. Verkt\u00f8yet endrer v\u00e5r forst\u00e5else av hva som er akseptabelt \u00e5 avle p\u00e5. Det er ikke lenger greit \u00e5 avle hunder uten hale eller med kort snute, n\u00e5r vi vet at dette er til skade for hundene. Vi mener verkt\u00f8yet ogs\u00e5 kan tas i bruk i Norge, det ville forenklet Mattilsynets tilsyn med hundeavl, sier \u00c5shild Roaldset, daglig leder i Dyrebeskyttelsen Norge.<\/span><\/p>\n<p>&nbsp;<\/p>\n<p><img loading=\"lazy\" decoding=\"async\" class=\"alignnone size-full wp-image-30128\" src=\"https:\/\/www.dyrebeskyttelsen.no\/wp-content\/uploads\/2025\/12\/Infographic.png\" alt=\"\" width=\"1894\" height=\"1856\" srcset=\"https:\/\/www.dyrebeskyttelsen.no\/wp-content\/uploads\/2025\/12\/Infographic.png 1894w, https:\/\/www.dyrebeskyttelsen.no\/wp-content\/uploads\/2025\/12\/Infographic-300x294.png 300w, https:\/\/www.dyrebeskyttelsen.no\/wp-content\/uploads\/2025\/12\/Infographic-1024x1003.png 1024w, https:\/\/www.dyrebeskyttelsen.no\/wp-content\/uploads\/2025\/12\/Infographic-768x753.png 768w, https:\/\/www.dyrebeskyttelsen.no\/wp-content\/uploads\/2025\/12\/Infographic-1536x1505.png 1536w, https:\/\/www.dyrebeskyttelsen.no\/wp-content\/uploads\/2025\/12\/Infographic-600x588.png 600w, https:\/\/www.dyrebeskyttelsen.no\/wp-content\/uploads\/2025\/12\/Infographic-24x24.png 24w, https:\/\/www.dyrebeskyttelsen.no\/wp-content\/uploads\/2025\/12\/Infographic-48x48.png 48w, https:\/\/www.dyrebeskyttelsen.no\/wp-content\/uploads\/2025\/12\/Infographic-61x60.png 61w, https:\/\/www.dyrebeskyttelsen.no\/wp-content\/uploads\/2025\/12\/Infographic-92x90.png 92w\" sizes=\"auto, (max-width: 1894px) 100vw, 1894px\" \/><\/p>\n","protected":false},"excerpt":{"rendered":"<p>En av verdens ledende forskere p\u00e5 hundehelse, professor Dan O\u2019Neill, har utviklet et nytt verkt\u00f8y som skal hjelpe b\u00e5de oppdrettere&#8230;<\/p>\n","protected":false},"author":61,"featured_media":30115,"comment_status":"closed","ping_status":"closed","sticky":false,"template":"","format":"standard","meta":{"_acf_changed":false,"give_campaign_id":0,"inline_featured_image":false,"footnotes":""},"categories":[32],"tags":[215,1636,49,740,211,684,322,1635,814],"class_list":{"0":"post-30114","1":"post","2":"type-post","3":"status-publish","4":"format-standard","5":"has-post-thumbnail","7":"category-nyheter","8":"tag-avl","9":"tag-dyrbeskyttelsen-norge","10":"tag-dyrevelferd","11":"tag-england","12":"tag-hund","13":"tag-hunder","14":"tag-norge","15":"tag-parlamentet","16":"tag-uetisk"},"acf":[],"jetpack_featured_media_url":"https:\/\/www.dyrebeskyttelsen.no\/wp-content\/uploads\/2025\/12\/0C3A8531.jpg","_links":{"self":[{"href":"https:\/\/www.dyrebeskyttelsen.no\/en\/wp-json\/wp\/v2\/posts\/30114","targetHints":{"allow":["GET"]}}],"collection":[{"href":"https:\/\/www.dyrebeskyttelsen.no\/en\/wp-json\/wp\/v2\/posts"}],"about":[{"href":"https:\/\/www.dyrebeskyttelsen.no\/en\/wp-json\/wp\/v2\/types\/post"}],"author":[{"embeddable":true,"href":"https:\/\/www.dyrebeskyttelsen.no\/en\/wp-json\/wp\/v2\/users\/61"}],"replies":[{"embeddable":true,"href":"https:\/\/www.dyrebeskyttelsen.no\/en\/wp-json\/wp\/v2\/comments?post=30114"}],"version-history":[{"count":0,"href":"https:\/\/www.dyrebeskyttelsen.no\/en\/wp-json\/wp\/v2\/posts\/30114\/revisions"}],"wp:featuredmedia":[{"embeddable":true,"href":"https:\/\/www.dyrebeskyttelsen.no\/en\/wp-json\/wp\/v2\/media\/30115"}],"wp:attachment":[{"href":"https:\/\/www.dyrebeskyttelsen.no\/en\/wp-json\/wp\/v2\/media?parent=30114"}],"wp:term":[{"taxonomy":"category","embeddable":true,"href":"https:\/\/www.dyrebeskyttelsen.no\/en\/wp-json\/wp\/v2\/categories?post=30114"},{"taxonomy":"post_tag","embeddable":true,"href":"https:\/\/www.dyrebeskyttelsen.no\/en\/wp-json\/wp\/v2\/tags?post=30114"}],"curies":[{"name":"wp","href":"https:\/\/api.w.org\/{rel}","templated":true}]}}