{"id":30072,"date":"2025-11-28T13:02:17","date_gmt":"2025-11-28T12:02:17","guid":{"rendered":"https:\/\/www.dyrebeskyttelsen.no\/?p=30072"},"modified":"2025-11-30T09:23:09","modified_gmt":"2025-11-30T08:23:09","slug":"toralf-metveit-90-ar","status":"publish","type":"post","link":"https:\/\/www.dyrebeskyttelsen.no\/en\/2025\/11\/28\/toralf-metveit-90-ar\/","title":{"rendered":"Toralf\u00a0Metveit 90 \u00e5r"},"content":{"rendered":"<div id=\"attachment_30073\" style=\"width: 1010px\" class=\"wp-caption alignnone\"><img loading=\"lazy\" decoding=\"async\" aria-describedby=\"caption-attachment-30073\" class=\"size-full wp-image-30073\" src=\"https:\/\/www.dyrebeskyttelsen.no\/wp-content\/uploads\/2025\/11\/Metveit-pris-90.jpg\" alt=\"\" width=\"1000\" height=\"778\" srcset=\"https:\/\/www.dyrebeskyttelsen.no\/wp-content\/uploads\/2025\/11\/Metveit-pris-90.jpg 1000w, https:\/\/www.dyrebeskyttelsen.no\/wp-content\/uploads\/2025\/11\/Metveit-pris-90-300x233.jpg 300w, https:\/\/www.dyrebeskyttelsen.no\/wp-content\/uploads\/2025\/11\/Metveit-pris-90-768x598.jpg 768w, https:\/\/www.dyrebeskyttelsen.no\/wp-content\/uploads\/2025\/11\/Metveit-pris-90-600x467.jpg 600w, https:\/\/www.dyrebeskyttelsen.no\/wp-content\/uploads\/2025\/11\/Metveit-pris-90-77x60.jpg 77w, https:\/\/www.dyrebeskyttelsen.no\/wp-content\/uploads\/2025\/11\/Metveit-pris-90-116x90.jpg 116w\" sizes=\"auto, (max-width: 1000px) 100vw, 1000px\" \/><p id=\"caption-attachment-30073\" class=\"wp-caption-text\">Foto: Anna Rogneby<\/p><\/div>\n<h2>Vi gratulerer med dagen<\/h2>\n<p><strong>Den 30. november fyller veterin\u00e6r <span class=\"markdijj2of2o\" data-markjs=\"true\" data-ogac=\"\" data-ogab=\"\" data-ogsc=\"\" data-ogsb=\"\">Toralf<\/span>\u00a0Bernt Metveit 90 \u00e5r. Gjennom hele sin karriere har han v\u00e6rt en av Norges tydeligste stemmer for dyrenes velferd.<\/strong><\/p>\n<p>Metveit tok veterin\u00e6r eksamen ved Norges veterin\u00e6rh\u00f8gskole i 1962 og har siden kombinert fagkunnskap med moralsk mot. Han har v\u00e6rt leder i Dyrebeskyttelsen Norge, medlem av R\u00e5det for dyreetikk og \u00e6resmedlem i Den norske veterin\u00e6rforening. I 2019 ble han tildelt Kongens fortjenstmedalje for sin livslange innsats for dyras velferd.<\/p>\n<p>Han var blant de f\u00f8rste som krevde forbud mot den s\u00e5kalte kutreneren som gir kyrne str\u00f8m mens de st\u00e5r i b\u00e5sen sin. Han har gjennom hele livet talt dyrenes sak \u2013 selv n\u00e5r det har v\u00e6rt upopul\u00e6rt. Kollegaer beskriver ham som en varm og prinsippfast mann som taler lavt, men blir h\u00f8rt.<\/p>\n<p><strong>\u00abDyrene er ikke produksjonsfaktorer, de er sansende individer,\u00bb har han sagt. Ordene oppsummerer et liv i dyrenes tjeneste.<\/strong><\/p>\n<p><span class=\"markdijj2of2o\" data-markjs=\"true\" data-ogac=\"\" data-ogab=\"\" data-ogsc=\"\" data-ogsb=\"\">Toralf<\/span>\u00a0er en stillferdig veterin\u00e6r som gj\u00f8r Norge varmere for dyrene \u2013 vi gratulerer\u00a0<span class=\"markdijj2of2o\" data-markjs=\"true\" data-ogac=\"\" data-ogab=\"\" data-ogsc=\"\" data-ogsb=\"\">Toralf<\/span>\u00a0Metveit med 90 \u00e5r.<\/p>\n","protected":false},"excerpt":{"rendered":"<p>Vi gratulerer med dagen Den 30. november fyller veterin\u00e6r Toralf\u00a0Bernt Metveit 90 \u00e5r. Gjennom hele sin karriere har han v\u00e6rt&#8230;<\/p>\n","protected":false},"author":63,"featured_media":30073,"comment_status":"closed","ping_status":"closed","sticky":false,"template":"","format":"standard","meta":{"_acf_changed":false,"give_campaign_id":0,"inline_featured_image":false,"footnotes":""},"categories":[32],"tags":[],"class_list":{"0":"post-30072","1":"post","2":"type-post","3":"status-publish","4":"format-standard","5":"has-post-thumbnail","7":"category-nyheter"},"acf":[],"jetpack_featured_media_url":"https:\/\/www.dyrebeskyttelsen.no\/wp-content\/uploads\/2025\/11\/Metveit-pris-90.jpg","_links":{"self":[{"href":"https:\/\/www.dyrebeskyttelsen.no\/en\/wp-json\/wp\/v2\/posts\/30072","targetHints":{"allow":["GET"]}}],"collection":[{"href":"https:\/\/www.dyrebeskyttelsen.no\/en\/wp-json\/wp\/v2\/posts"}],"about":[{"href":"https:\/\/www.dyrebeskyttelsen.no\/en\/wp-json\/wp\/v2\/types\/post"}],"author":[{"embeddable":true,"href":"https:\/\/www.dyrebeskyttelsen.no\/en\/wp-json\/wp\/v2\/users\/63"}],"replies":[{"embeddable":true,"href":"https:\/\/www.dyrebeskyttelsen.no\/en\/wp-json\/wp\/v2\/comments?post=30072"}],"version-history":[{"count":0,"href":"https:\/\/www.dyrebeskyttelsen.no\/en\/wp-json\/wp\/v2\/posts\/30072\/revisions"}],"wp:featuredmedia":[{"embeddable":true,"href":"https:\/\/www.dyrebeskyttelsen.no\/en\/wp-json\/wp\/v2\/media\/30073"}],"wp:attachment":[{"href":"https:\/\/www.dyrebeskyttelsen.no\/en\/wp-json\/wp\/v2\/media?parent=30072"}],"wp:term":[{"taxonomy":"category","embeddable":true,"href":"https:\/\/www.dyrebeskyttelsen.no\/en\/wp-json\/wp\/v2\/categories?post=30072"},{"taxonomy":"post_tag","embeddable":true,"href":"https:\/\/www.dyrebeskyttelsen.no\/en\/wp-json\/wp\/v2\/tags?post=30072"}],"curies":[{"name":"wp","href":"https:\/\/api.w.org\/{rel}","templated":true}]}}