{"id":29779,"date":"2025-11-12T19:00:10","date_gmt":"2025-11-12T18:00:10","guid":{"rendered":"https:\/\/www.dyrebeskyttelsen.no\/?p=29779"},"modified":"2025-11-12T19:13:23","modified_gmt":"2025-11-12T18:13:23","slug":"aerlig-talt-jeg-forstar-det-virkelig-ikke","status":"publish","type":"post","link":"https:\/\/www.dyrebeskyttelsen.no\/en\/2025\/11\/12\/aerlig-talt-jeg-forstar-det-virkelig-ikke\/","title":{"rendered":"\u00c6rlig talt &#8211; Jeg forst\u00e5r det virkelig ikke!"},"content":{"rendered":"<p><strong><img loading=\"lazy\" decoding=\"async\" class=\"size-full wp-image-29788 aligncenter\" src=\"https:\/\/www.dyrebeskyttelsen.no\/wp-content\/uploads\/2025\/11\/MonaPaVeiTilMr.jpg\" alt=\"\" width=\"1155\" height=\"982\" srcset=\"https:\/\/www.dyrebeskyttelsen.no\/wp-content\/uploads\/2025\/11\/MonaPaVeiTilMr.jpg 1155w, https:\/\/www.dyrebeskyttelsen.no\/wp-content\/uploads\/2025\/11\/MonaPaVeiTilMr-300x255.jpg 300w, https:\/\/www.dyrebeskyttelsen.no\/wp-content\/uploads\/2025\/11\/MonaPaVeiTilMr-1024x871.jpg 1024w, https:\/\/www.dyrebeskyttelsen.no\/wp-content\/uploads\/2025\/11\/MonaPaVeiTilMr-768x653.jpg 768w, https:\/\/www.dyrebeskyttelsen.no\/wp-content\/uploads\/2025\/11\/MonaPaVeiTilMr-600x510.jpg 600w, https:\/\/www.dyrebeskyttelsen.no\/wp-content\/uploads\/2025\/11\/MonaPaVeiTilMr-71x60.jpg 71w, https:\/\/www.dyrebeskyttelsen.no\/wp-content\/uploads\/2025\/11\/MonaPaVeiTilMr-106x90.jpg 106w\" sizes=\"auto, (max-width: 1155px) 100vw, 1155px\" \/>Mitt f\u00f8rste m\u00f8te med jobben i Dyrebeskyttelsen Norge, var med hunden Mona. Hun m\u00f8tte meg med nydelige m\u00f8rke \u00f8yner, lodne \u00f8rer og hadde et s\u00e5nt vesen som en blir glad i umiddelbart. Hun var s\u00e5 rolig, s\u00e5 stille, en liten myk koseklump.<\/strong><\/p>\n<p>Jeg m\u00f8tte ikke Mona ute p\u00e5 tur, for Mona klarte nesten ikke g\u00e5 tur. Mona sov mer og mer, og klarte mindre og mindre, hun isolerte seg selv p\u00e5 badet store deler av dagen.<\/p>\n<h3><strong>Hva skjuler seg bak det s\u00f8te ytret?<\/strong><\/h3>\n<p>La oss spole tiden tilbake. Dagen jeg m\u00f8ter Mona er det bl\u00e5 himmel og sol. Mona skal p\u00e5 MR og nevrologisk unders\u00f8kelse p\u00e5 NMBU Dyresykehuset i \u00c5s. Jeg og Hanne, som har tatt vare p\u00e5 Mona, skal f\u00e5 vite hva som faktisk skjuler seg p\u00e5 innsiden av det s\u00f8te hodet.<\/p>\n<p>Mona veies inn og blir st\u00e5ende helt stille p\u00e5 vekta, hun beveger seg ikke av flekken n\u00e5r Hanne g\u00e5r for \u00e5 melde inn vekten i resepsjonen. Jeg g\u00e5r helt n\u00e6r Mona og h\u00f8rer at den lille hunden sliter med pusten. Selv om hun bare har ligget i fanget og blitt b\u00e5ret bort til vekten h\u00f8res det ut som hun snorker litt n\u00e5r hun puster. Mona er en Cavalier King Charles Spaniel, og det er ikke uvanlig at de sliter med pusten.<\/p>\n<p><img loading=\"lazy\" decoding=\"async\" class=\" wp-image-29786 alignright\" src=\"https:\/\/www.dyrebeskyttelsen.no\/wp-content\/uploads\/2025\/11\/Mona.jpg\" alt=\"\" width=\"379\" height=\"505\" srcset=\"https:\/\/www.dyrebeskyttelsen.no\/wp-content\/uploads\/2025\/11\/Mona.jpg 3024w, https:\/\/www.dyrebeskyttelsen.no\/wp-content\/uploads\/2025\/11\/Mona-225x300.jpg 225w, https:\/\/www.dyrebeskyttelsen.no\/wp-content\/uploads\/2025\/11\/Mona-768x1024.jpg 768w, https:\/\/www.dyrebeskyttelsen.no\/wp-content\/uploads\/2025\/11\/Mona-1152x1536.jpg 1152w, https:\/\/www.dyrebeskyttelsen.no\/wp-content\/uploads\/2025\/11\/Mona-1536x2048.jpg 1536w, https:\/\/www.dyrebeskyttelsen.no\/wp-content\/uploads\/2025\/11\/Mona-600x800.jpg 600w, https:\/\/www.dyrebeskyttelsen.no\/wp-content\/uploads\/2025\/11\/Mona-45x60.jpg 45w, https:\/\/www.dyrebeskyttelsen.no\/wp-content\/uploads\/2025\/11\/Mona-68x90.jpg 68w\" sizes=\"auto, (max-width: 379px) 100vw, 379px\" \/><\/p>\n<h3><strong>Jeg forst\u00e5r det ikke<\/strong><\/h3>\n<p>Da jeg fortalte en jeg kjenner at jeg skulle bli med Mona til dyresykehuset, fortalte hun om et nylig m\u00f8te i gata. Med en valp. Og med en eier som f\u00f8lte for \u00e5 forklare seg. \u00abJeg vet det ikke er lov \u00e5 avle s\u00e5nne i Norge, mer. Men vi har henta den i Sverige, for vi m\u00e5tte ha en s\u00e5nn en, de er jo s\u00e5 s\u00f8te.\u00bb<\/p>\n<p>Det er mulig \u00e5 forst\u00e5 at noen kj\u00f8per en velkjent popul\u00e6r hunderase uten \u00e5 sjekke s\u00e5 mye, og at de f\u00e5r seg en overraskelse n\u00e5r hunden viser seg \u00e5 ha mange sykdommer. Men det er verre \u00e5 forst\u00e5 hvorfor noen velger \u00e5 kj\u00f8pe dem n\u00e5r de vet at norsk h\u00f8yesterett har sl\u00e5tt fast at hundene utsettes for store p\u00e5kjenninger, og at videre avl er forbudt.<\/p>\n<p>Bare i form av \u00e5 v\u00e6re den hunderasen Mona er, s\u00e5 er det veldig sannsynlig at unders\u00f8kelsen hun skal p\u00e5 kommer til \u00e5 vise at Mona er alvorlig syk.<\/p>\n<p>&nbsp;<\/p>\n<h3><strong>Det er mange andre hunderaser som er syke<\/strong><\/h3>\n<p>Det er ikke lenger lovlig \u00e5 avle p\u00e5 hunder som Mona. Likevel fortsetter den reinrasede avlen p\u00e5 mange andre hunderaser som ogs\u00e5 har arvelige lidelser i stort omfang videre, som om H\u00f8yesterettsdommen aldri fant sted.<\/p>\n<p>Mens vi venter p\u00e5 resultatet av MR og at Mona skal v\u00e5kne igjen, tenker jeg p\u00e5 alt jeg ikke forst\u00e5r. For meg er det en s\u00e5 enkel logikk, jeg er glad i dyr og vil ikke at de skal ha det vondt. S\u00e5 det blir aldri aktuelt for meg \u00e5 kj\u00f8pe en rasehund som er s\u00e5 belastet med arvelige sykdommer. Jeg skj\u00f8nner heller ikke hvorfor de som avler hundene tenker at de bare skal fortsette?<\/p>\n<p><strong>\u00a0<\/strong><\/p>\n<h3><strong>Tenk \u00e5 ikke f\u00e5 nok oksygen, \u00e5r etter \u00e5r?<\/strong><\/h3>\n<p>Det er heller ikke f\u00f8rste gang jeg f\u00f8lger en hund til et dyresykehus. Som journalist i TV2 hjelper deg, var jeg med den franske bulldoggen Aron gjennom en operasjon. Aron sitt klassiske fransk bulldogg utseende gjorde at han ikke fikk nok luft, han levde 7 \u00e5r uten tilstrekkelig med oksygen.<\/p>\n<p><img loading=\"lazy\" decoding=\"async\" class=\"wp-image-29789 aligncenter\" src=\"https:\/\/www.dyrebeskyttelsen.no\/wp-content\/uploads\/2025\/11\/IMG_6841.jpg\" alt=\"\" width=\"607\" height=\"455\" srcset=\"https:\/\/www.dyrebeskyttelsen.no\/wp-content\/uploads\/2025\/11\/IMG_6841.jpg 4032w, https:\/\/www.dyrebeskyttelsen.no\/wp-content\/uploads\/2025\/11\/IMG_6841-300x225.jpg 300w, https:\/\/www.dyrebeskyttelsen.no\/wp-content\/uploads\/2025\/11\/IMG_6841-1024x768.jpg 1024w, https:\/\/www.dyrebeskyttelsen.no\/wp-content\/uploads\/2025\/11\/IMG_6841-768x576.jpg 768w, https:\/\/www.dyrebeskyttelsen.no\/wp-content\/uploads\/2025\/11\/IMG_6841-1536x1152.jpg 1536w, https:\/\/www.dyrebeskyttelsen.no\/wp-content\/uploads\/2025\/11\/IMG_6841-2048x1536.jpg 2048w, https:\/\/www.dyrebeskyttelsen.no\/wp-content\/uploads\/2025\/11\/IMG_6841-600x450.jpg 600w, https:\/\/www.dyrebeskyttelsen.no\/wp-content\/uploads\/2025\/11\/IMG_6841-80x60.jpg 80w, https:\/\/www.dyrebeskyttelsen.no\/wp-content\/uploads\/2025\/11\/IMG_6841-120x90.jpg 120w\" sizes=\"auto, (max-width: 607px) 100vw, 607px\" \/><\/p>\n<p>Sosiale medier florerer av hunder som Aron, der de som filmer og deler ofte ler av de rare snorkelydene som kommer ut n\u00e5r hunder sover eller er v\u00e5kne. Det har blitt normalisert, men det er ikke morsomt.<\/p>\n<p>Jeg fikk oppleve Aron b\u00e5de f\u00f8r og etter denne operasjonen som f\u00f8rte til at jeg fikk m\u00f8te en helt ny Aron. En Aron med energi, som endelig kunne g\u00e5 opp trapper, springe etter en pinne og treffe p\u00e5 en bakke uten \u00e5 f\u00e5 store brekninger.<\/p>\n<p>&nbsp;<\/p>\n<h3><strong>Hundeeiere som gr\u00e5ter p\u00e5 telefonen<\/strong><\/h3>\n<p>Lenge gikk jeg rundt og visste veldig lite om hunder og hunderaser. Men som gravende forbrukerjournalist ble jeg og redaksjonen i TV 2 Hjelper deg, kontaktet av de som hadde kj\u00f8pt \u00abkatta i sekken\u00bb. For det finnes mange der ute som avler og selger hunder. Som tjener store penger p\u00e5 \u00e5 selge mange hunder, og flere av dem tar ikke ansvar n\u00e5r de f\u00e5r vite at dyrene som de avler blir syke.<\/p>\n<p>De avler videre. Og s\u00e5nt fyller opp innboksen med frustrerte hundekj\u00f8pere. Kj\u00f8pere som sitter igjen med store utgifter, og sorg over \u00e5 v\u00e6re vitne til at bestevennen sin lider. For flere av de jeg m\u00f8tte, endte det med at bestevennen m\u00e5tte f\u00e5 slippe. Andre gr\u00e5ter fordi de har m\u00e5tte t\u00f8mme bankkontoen for \u00e5 behandle hunden sin, eller til og med p\u00e5dra seg gjeld.<\/p>\n<p>Jeg har sittet mye i telefonen med hundeeiere som gr\u00e5ter. Noen har kj\u00f8pt hunden helt uten tilknytning til Kennelklubben. Men flertallet jeg snakket med kj\u00f8pte rasehunder som er registrert hos Norsk Kennel klub.<\/p>\n<p><strong>For meg er det nesten umulig \u00e5 forst\u00e5 at folk som er glade i dyr synes at det er greit \u00e5 avle videre med s\u00e5nne konsekvenser. Og at det virker som det ogs\u00e5 er fritt fram. <\/strong><\/p>\n<h3><strong>Lidelser som blir normalisert <\/strong><\/h3>\n<p>Mattilsynet virker ikke til \u00e5 ha ressurser til \u00e5 f\u00f8lge opp, og folk ser ut til \u00e5 fortsette \u00e5 kj\u00f8pe hundene. Noen av svarene n\u00e5r vi konfronterte dem som har solgt og avlet, har v\u00e6rt \u00abmen den rasen er s\u00e5nn\u00bb og \u00abdet er normalt\u00bb. Alvorlig sykdom hos flere hunderaser er alts\u00e5 blitt normalisert. Og du trenger heller ikke g\u00e5 lenger enn til forsikringsselskapene sine unntak for dekning for spesifikke raser, for \u00e5 se hvilke lidelser og sykdommer som er mest vanlig for rasene.<\/p>\n<p>Franske bulldogger som Aron f\u00e5r blant annet ikke dekket behandlinger som kommer av problemer med luftveiene, som lang bl\u00f8t gane, trange nesebor, innsnevring i svelg. De f\u00e5r heller ikke dekket enkelte arvelige \u00f8ye- og hudsykdommer fordi dette er vanlige lidelser som forekommer hyppig hos rasen.<\/p>\n<h2><strong><img loading=\"lazy\" decoding=\"async\" class=\"wp-image-29783 aligncenter\" src=\"https:\/\/www.dyrebeskyttelsen.no\/wp-content\/uploads\/2025\/11\/IMG_0106.jpg\" alt=\"\" width=\"311\" height=\"415\" srcset=\"https:\/\/www.dyrebeskyttelsen.no\/wp-content\/uploads\/2025\/11\/IMG_0106.jpg 3024w, https:\/\/www.dyrebeskyttelsen.no\/wp-content\/uploads\/2025\/11\/IMG_0106-225x300.jpg 225w, https:\/\/www.dyrebeskyttelsen.no\/wp-content\/uploads\/2025\/11\/IMG_0106-768x1024.jpg 768w, https:\/\/www.dyrebeskyttelsen.no\/wp-content\/uploads\/2025\/11\/IMG_0106-1152x1536.jpg 1152w, https:\/\/www.dyrebeskyttelsen.no\/wp-content\/uploads\/2025\/11\/IMG_0106-1536x2048.jpg 1536w, https:\/\/www.dyrebeskyttelsen.no\/wp-content\/uploads\/2025\/11\/IMG_0106-600x800.jpg 600w, https:\/\/www.dyrebeskyttelsen.no\/wp-content\/uploads\/2025\/11\/IMG_0106-45x60.jpg 45w, https:\/\/www.dyrebeskyttelsen.no\/wp-content\/uploads\/2025\/11\/IMG_0106-68x90.jpg 68w\" sizes=\"auto, (max-width: 311px) 100vw, 311px\" \/><\/strong><\/h2>\n<h3><\/h3>\n<h3><strong>Hvil i fred<\/strong><\/h3>\n<p>Tilbake til rolige Mona, ingen aner hvilke smerter hun har g\u00e5tt med, det vet hun bare selv. Mona lever ikke lenger n\u00e5r jeg skriver dette. Mona hadde den mest alvorlige graden av en sykdom som heter syringomyeli.<\/p>\n<p>Hjernen hennes hadde ikke plass i hodeskallen og ble presset ut i nakken. Misdannelsen f\u00f8rer til unormal flyt av spinalv\u00e6ske, noe som gir v\u00e6skefylte hulrom i ryggraden. Mona hadde ogs\u00e5 luftveisproblemer, med trange nesebor og bl\u00f8tvev som stengte for luftstr\u00f8mmen gjennom puster\u00f8ret.<\/p>\n<p>Mona var s\u00e5 rolig og bedagelig, fordi hun led. Hun ble bare 4 \u00e5r.<\/p>\n<div id=\"attachment_29781\" style=\"width: 448px\" class=\"wp-caption aligncenter\"><img loading=\"lazy\" decoding=\"async\" aria-describedby=\"caption-attachment-29781\" class=\"wp-image-29781 \" src=\"https:\/\/www.dyrebeskyttelsen.no\/wp-content\/uploads\/2025\/11\/IkkePlassTilHjernen.jpg\" alt=\"\" width=\"438\" height=\"329\" srcset=\"https:\/\/www.dyrebeskyttelsen.no\/wp-content\/uploads\/2025\/11\/IkkePlassTilHjernen.jpg 4032w, https:\/\/www.dyrebeskyttelsen.no\/wp-content\/uploads\/2025\/11\/IkkePlassTilHjernen-300x225.jpg 300w, https:\/\/www.dyrebeskyttelsen.no\/wp-content\/uploads\/2025\/11\/IkkePlassTilHjernen-1024x768.jpg 1024w, https:\/\/www.dyrebeskyttelsen.no\/wp-content\/uploads\/2025\/11\/IkkePlassTilHjernen-768x576.jpg 768w, https:\/\/www.dyrebeskyttelsen.no\/wp-content\/uploads\/2025\/11\/IkkePlassTilHjernen-1536x1152.jpg 1536w, https:\/\/www.dyrebeskyttelsen.no\/wp-content\/uploads\/2025\/11\/IkkePlassTilHjernen-2048x1536.jpg 2048w, https:\/\/www.dyrebeskyttelsen.no\/wp-content\/uploads\/2025\/11\/IkkePlassTilHjernen-600x450.jpg 600w, https:\/\/www.dyrebeskyttelsen.no\/wp-content\/uploads\/2025\/11\/IkkePlassTilHjernen-80x60.jpg 80w, https:\/\/www.dyrebeskyttelsen.no\/wp-content\/uploads\/2025\/11\/IkkePlassTilHjernen-120x90.jpg 120w\" sizes=\"auto, (max-width: 438px) 100vw, 438px\" \/><p id=\"caption-attachment-29781\" class=\"wp-caption-text\">Bildetekst: Hjernen til Mona fikk ikke plass i hodeskallen og den trengte ut i nakken.<\/p><\/div>\n<div id=\"attachment_29780\" style=\"width: 436px\" class=\"wp-caption aligncenter\"><img loading=\"lazy\" decoding=\"async\" aria-describedby=\"caption-attachment-29780\" class=\"wp-image-29780\" src=\"https:\/\/www.dyrebeskyttelsen.no\/wp-content\/uploads\/2025\/11\/FriskHund.jpg\" alt=\"\" width=\"426\" height=\"320\" srcset=\"https:\/\/www.dyrebeskyttelsen.no\/wp-content\/uploads\/2025\/11\/FriskHund.jpg 4032w, https:\/\/www.dyrebeskyttelsen.no\/wp-content\/uploads\/2025\/11\/FriskHund-300x225.jpg 300w, https:\/\/www.dyrebeskyttelsen.no\/wp-content\/uploads\/2025\/11\/FriskHund-1024x768.jpg 1024w, https:\/\/www.dyrebeskyttelsen.no\/wp-content\/uploads\/2025\/11\/FriskHund-768x576.jpg 768w, https:\/\/www.dyrebeskyttelsen.no\/wp-content\/uploads\/2025\/11\/FriskHund-1536x1152.jpg 1536w, https:\/\/www.dyrebeskyttelsen.no\/wp-content\/uploads\/2025\/11\/FriskHund-2048x1536.jpg 2048w, https:\/\/www.dyrebeskyttelsen.no\/wp-content\/uploads\/2025\/11\/FriskHund-600x450.jpg 600w, https:\/\/www.dyrebeskyttelsen.no\/wp-content\/uploads\/2025\/11\/FriskHund-80x60.jpg 80w, https:\/\/www.dyrebeskyttelsen.no\/wp-content\/uploads\/2025\/11\/FriskHund-120x90.jpg 120w\" sizes=\"auto, (max-width: 426px) 100vw, 426px\" \/><p id=\"caption-attachment-29780\" class=\"wp-caption-text\">Dette er r\u00f8ntgen av hjernen til en frisk hund.<\/p><\/div>\n<h3><\/h3>\n<h3><strong>Har noen svar de kan gi meg?<\/strong><\/h3>\n<p>Er det pengene som er \u00e5 tjene som overg\u00e5r fornuften og moralen til de som avler? Samt uvitenheten eller ignoransen til kj\u00f8perne som holder liv i denne ekstreme avlen? Og hvorfor m\u00e5tte det en rettsak til for \u00e5 sl\u00e5 fast at dette er brudd p\u00e5 dyrevelferdsloven? Er det fornektelse for at lidelsene eksisterer og at de p\u00e5f\u00f8rer dyrene smerter?<\/p>\n<p>Framover kommer jeg til \u00e5 grave videre i alt jeg lurer p\u00e5 rundt dette, for \u00e5 fors\u00f8ke \u00e5 forst\u00e5. Jeg \u00f8nsker \u00e5 snakke med eksperter, h\u00f8re fra de som mener de har forklaringer og fors\u00f8ke \u00e5 belyse det fra flere innfallsvinkler.<\/p>\n<h2>Hva er dine tanker?<\/h2>\n<h3><strong>\u00a0<\/strong><\/h3>\n<h3><strong>Om forfatteren:<\/strong><\/h3>\n<p><strong>Ingrid Norheim Danielsen<\/strong> er ansatt som fersk kommunikasjonsr\u00e5dgiver i Dyrebeskyttelsen Norge.<\/p>\n<p><img loading=\"lazy\" decoding=\"async\" class=\"wp-image-29785 alignright\" src=\"https:\/\/www.dyrebeskyttelsen.no\/wp-content\/uploads\/2025\/11\/IngridNordheimDanielsen-2.png\" alt=\"\" width=\"195\" height=\"195\" srcset=\"https:\/\/www.dyrebeskyttelsen.no\/wp-content\/uploads\/2025\/11\/IngridNordheimDanielsen-2.png 360w, https:\/\/www.dyrebeskyttelsen.no\/wp-content\/uploads\/2025\/11\/IngridNordheimDanielsen-2-300x300.png 300w, https:\/\/www.dyrebeskyttelsen.no\/wp-content\/uploads\/2025\/11\/IngridNordheimDanielsen-2-150x150.png 150w, https:\/\/www.dyrebeskyttelsen.no\/wp-content\/uploads\/2025\/11\/IngridNordheimDanielsen-2-140x140.png 140w, https:\/\/www.dyrebeskyttelsen.no\/wp-content\/uploads\/2025\/11\/IngridNordheimDanielsen-2-100x100.png 100w, https:\/\/www.dyrebeskyttelsen.no\/wp-content\/uploads\/2025\/11\/IngridNordheimDanielsen-2-350x350.png 350w, https:\/\/www.dyrebeskyttelsen.no\/wp-content\/uploads\/2025\/11\/IngridNordheimDanielsen-2-24x24.png 24w, https:\/\/www.dyrebeskyttelsen.no\/wp-content\/uploads\/2025\/11\/IngridNordheimDanielsen-2-48x48.png 48w, https:\/\/www.dyrebeskyttelsen.no\/wp-content\/uploads\/2025\/11\/IngridNordheimDanielsen-2-96x96.png 96w, https:\/\/www.dyrebeskyttelsen.no\/wp-content\/uploads\/2025\/11\/IngridNordheimDanielsen-2-60x60.png 60w, https:\/\/www.dyrebeskyttelsen.no\/wp-content\/uploads\/2025\/11\/IngridNordheimDanielsen-2-90x90.png 90w\" sizes=\"auto, (max-width: 195px) 100vw, 195px\" \/>Ingrid har bakgrunn fra TV-bransjen og reklamebransjen. Hun er vestlending, men har siden\u00a02011 bodd og jobbet i Oslo som reporter, journalist\u00a0og TV-regiss\u00f8r.<\/p>\n<p>Ingrid har jobbet i flere store kjente redaksjoner; Forbrukerinspekt\u00f8rene p\u00e5 NRK og Senkveld med Thomas og Harald, Helsekontrollen og TV 2 hjelper deg p\u00e5 TV 2. Hun er utdannet innen film og TV-produksjon ved Universitetet i Bergen og har en master i gravende TV-journalistikk fra London College of Communication.<\/p>\n<p><strong>\u00a0<\/strong><a href=\"https:\/\/play.tv2.no\/serier\/tv-2-hjelper-deg-xtqe9p4a\/sesong-56\">Sakene som ble resultatet av fortvilte kj\u00f8pere som tok kontakt, kan du enda finne p\u00e5 TV2 Play: Sesong 56 av TV 2 hjelper deg: \u00abValpefabrikkene\u00bb, sesong 57: \u00abValpesjokket\u00bb. Historien om Aron kan du f\u00f8lge i episoden \u00abSyke rasehunder\u00bb i sesong 57.<\/a><\/p>\n<p>&nbsp;<\/p>\n<p><strong>Syringomyeli (SM)<\/strong> er dessverre en sykdom som forekommer sv\u00e6rt ofte hos cavalier king charles spaniel. Forskning har vist at nesten alle cavalierer har en viss grad av den kraniale misdannelsen (chiari-liknende malformasjon) som ligger til grunn for sykdommen. Ikke alle hunder utvikler tydelige symptomer, men mange f\u00e5r etter hvert smerter eller nevrologiske problemer.<\/p>\n<p>&nbsp;<\/p>\n<p><iframe loading=\"lazy\" title=\"Mona \" width=\"1080\" height=\"608\" src=\"https:\/\/www.youtube.com\/embed\/WnrOP8MM3ak?feature=oembed&#038;enablejsapi=1&#038;origin=https:\/\/www.dyrebeskyttelsen.no\" frameborder=\"0\" allow=\"accelerometer; autoplay; clipboard-write; encrypted-media; gyroscope; picture-in-picture; web-share\" referrerpolicy=\"strict-origin-when-cross-origin\" allowfullscreen><\/iframe><\/p>\n<p>&nbsp;<\/p>\n","protected":false},"excerpt":{"rendered":"<p>Mitt f\u00f8rste m\u00f8te med jobben i Dyrebeskyttelsen Norge, var med hunden Mona. Hun m\u00f8tte meg med nydelige m\u00f8rke \u00f8yner, lodne&#8230;<\/p>\n","protected":false},"author":70,"featured_media":29864,"comment_status":"closed","ping_status":"closed","sticky":false,"template":"","format":"standard","meta":{"_acf_changed":false,"give_campaign_id":0,"inline_featured_image":false,"footnotes":""},"categories":[42],"tags":[215,247,49,300,211,1193],"class_list":{"0":"post-29779","1":"post","2":"type-post","3":"status-publish","4":"format-standard","5":"has-post-thumbnail","7":"category-kronikk","8":"tag-avl","9":"tag-cavalier-king-charles-spaniel","10":"tag-dyrevelferd","11":"tag-fransk-bulldog","12":"tag-hund","13":"tag-rasehunder"},"acf":[],"jetpack_featured_media_url":"https:\/\/www.dyrebeskyttelsen.no\/wp-content\/uploads\/2025\/11\/MonaNyhet.jpg","_links":{"self":[{"href":"https:\/\/www.dyrebeskyttelsen.no\/en\/wp-json\/wp\/v2\/posts\/29779","targetHints":{"allow":["GET"]}}],"collection":[{"href":"https:\/\/www.dyrebeskyttelsen.no\/en\/wp-json\/wp\/v2\/posts"}],"about":[{"href":"https:\/\/www.dyrebeskyttelsen.no\/en\/wp-json\/wp\/v2\/types\/post"}],"author":[{"embeddable":true,"href":"https:\/\/www.dyrebeskyttelsen.no\/en\/wp-json\/wp\/v2\/users\/70"}],"replies":[{"embeddable":true,"href":"https:\/\/www.dyrebeskyttelsen.no\/en\/wp-json\/wp\/v2\/comments?post=29779"}],"version-history":[{"count":0,"href":"https:\/\/www.dyrebeskyttelsen.no\/en\/wp-json\/wp\/v2\/posts\/29779\/revisions"}],"wp:featuredmedia":[{"embeddable":true,"href":"https:\/\/www.dyrebeskyttelsen.no\/en\/wp-json\/wp\/v2\/media\/29864"}],"wp:attachment":[{"href":"https:\/\/www.dyrebeskyttelsen.no\/en\/wp-json\/wp\/v2\/media?parent=29779"}],"wp:term":[{"taxonomy":"category","embeddable":true,"href":"https:\/\/www.dyrebeskyttelsen.no\/en\/wp-json\/wp\/v2\/categories?post=29779"},{"taxonomy":"post_tag","embeddable":true,"href":"https:\/\/www.dyrebeskyttelsen.no\/en\/wp-json\/wp\/v2\/tags?post=29779"}],"curies":[{"name":"wp","href":"https:\/\/api.w.org\/{rel}","templated":true}]}}