{"id":29760,"date":"2025-11-20T09:30:59","date_gmt":"2025-11-20T08:30:59","guid":{"rendered":"https:\/\/www.dyrebeskyttelsen.no\/?p=29760"},"modified":"2025-11-20T09:45:18","modified_gmt":"2025-11-20T08:45:18","slug":"brannverntiltak-som-kan-redde-dyr","status":"publish","type":"post","link":"https:\/\/www.dyrebeskyttelsen.no\/en\/2025\/11\/20\/brannverntiltak-som-kan-redde-dyr\/","title":{"rendered":"Brannverntiltak som kan redde dyr"},"content":{"rendered":"<h3><\/h3>\n<p><img loading=\"lazy\" decoding=\"async\" class=\"size-full wp-image-29769 aligncenter\" src=\"https:\/\/www.dyrebeskyttelsen.no\/wp-content\/uploads\/2025\/11\/EKT.jpeg\" alt=\"\" width=\"998\" height=\"766\" srcset=\"https:\/\/www.dyrebeskyttelsen.no\/wp-content\/uploads\/2025\/11\/EKT.jpeg 998w, https:\/\/www.dyrebeskyttelsen.no\/wp-content\/uploads\/2025\/11\/EKT-300x230.jpeg 300w, https:\/\/www.dyrebeskyttelsen.no\/wp-content\/uploads\/2025\/11\/EKT-768x589.jpeg 768w, https:\/\/www.dyrebeskyttelsen.no\/wp-content\/uploads\/2025\/11\/EKT-600x461.jpeg 600w, https:\/\/www.dyrebeskyttelsen.no\/wp-content\/uploads\/2025\/11\/EKT-78x60.jpeg 78w, https:\/\/www.dyrebeskyttelsen.no\/wp-content\/uploads\/2025\/11\/EKT-117x90.jpeg 117w\" sizes=\"auto, (max-width: 998px) 100vw, 998px\" \/><\/p>\n<h4>T\u00e5ken ligger lav og gr\u00e5 rundt g\u00e5rden p\u00e5 Ekeberg og ser nesten ut som r\u00f8yk. Det passer bra med grunnen til at vi er her i dag, brannvern. Framover skal Dyrebeskyttelsen Norge jobbe for bedre brannvern for dyra.<\/h4>\n<p><img loading=\"lazy\" decoding=\"async\" class=\"wp-image-29767 alignright\" src=\"https:\/\/www.dyrebeskyttelsen.no\/wp-content\/uploads\/2025\/11\/Take.jpg\" alt=\"\" width=\"342\" height=\"467\" srcset=\"https:\/\/www.dyrebeskyttelsen.no\/wp-content\/uploads\/2025\/11\/Take.jpg 1206w, https:\/\/www.dyrebeskyttelsen.no\/wp-content\/uploads\/2025\/11\/Take-220x300.jpg 220w, https:\/\/www.dyrebeskyttelsen.no\/wp-content\/uploads\/2025\/11\/Take-750x1024.jpg 750w, https:\/\/www.dyrebeskyttelsen.no\/wp-content\/uploads\/2025\/11\/Take-768x1048.jpg 768w, https:\/\/www.dyrebeskyttelsen.no\/wp-content\/uploads\/2025\/11\/Take-1125x1536.jpg 1125w, https:\/\/www.dyrebeskyttelsen.no\/wp-content\/uploads\/2025\/11\/Take-600x819.jpg 600w, https:\/\/www.dyrebeskyttelsen.no\/wp-content\/uploads\/2025\/11\/Take-44x60.jpg 44w, https:\/\/www.dyrebeskyttelsen.no\/wp-content\/uploads\/2025\/11\/Take-66x90.jpg 66w\" sizes=\"auto, (max-width: 342px) 100vw, 342px\" \/>Ut fra bygningen kommer den ene flotte hesten etter den andre, klar for fri bevegelse og frisk luft utend\u00f8rs. Vi er p\u00e5 EKT bes\u00f8ksg\u00e5rd og husdyrpark for \u00e5 gj\u00f8re hverdagen til alle de flotte dyrene her enda tryggere. Utenfor m\u00f8ter vi tidligere brannmann Rolf S. Nordberg, han har en gl\u00f8dende interesse for brannsikkerhet og er veldig glad i dyr.<\/p>\n<p>Rolf tar seg tid til \u00e5 hilse b\u00e5de p\u00e5 kalver, geiter og en sort gris p\u00e5 veien gjennom driftsbygningen. Blant en flokk med sauer m\u00f8ter vi vaktmester Van Roy Huilar, han har jobbet her i 11 \u00e5r og viser oss rundt p\u00e5 g\u00e5rden.<\/p>\n<h3><strong>Hundrevis av dyr d\u00f8r i brann<\/strong><\/h3>\n<p>I h\u00f8st setter vi fokus p\u00e5 brannvern. Hundrevis av dyr omkommer hvert \u00e5r i brann, og i <a href=\"https:\/\/www.lbk.no\/brannstatistikk-2024\/\">2024 ble det registrert 112 branner i driftsbygninger.<\/a><\/p>\n<p>Etter at det ble innf\u00f8rt el-kontroller gikk antallet branner kraftig ned, men tallene viser at el-anlegg enda er \u00e5rsak til rundt 2 av 3 branner i landbruket.<\/p>\n<p>Heldigvis finnes det l\u00f8sninger som kan slukke en slik brann allerede f\u00f8r den f\u00e5r utviklet seg.<\/p>\n<h3>Tar brannvern p\u00e5 alvor<\/h3>\n<p>I Dyrebeskyttelsen Norge tar vi n\u00e5 brannvern p\u00e5 alvor og samarbeider med Rolf og hans bedrift Rolf.no. Rolf S. Nordberg har over 40 \u00e5rs erfaring som brannmann og instrukt\u00f8r. I tillegg til digital oppl\u00e6ring driver han med praktisk brannvernoppl\u00e6ring, evakuerings\u00f8velser og slukke\u00f8velser.<\/p>\n<p>I dag er han her sammen med oss for \u00e5 gj\u00f8re bes\u00f8ksg\u00e5rden p\u00e5 Ekeberg enda tryggere. Vi har med oss en gave til vaktmesteren og alle dyrene som lever her, en brannslukker som faktisk passer p\u00e5 helt av seg selv. Den heter FirePro FP-80T, og i motsetning til vanlige brannslukkere trenger den verken str\u00f8m, trykksylindre eller vedlikehold.<\/p>\n<p>&nbsp;<\/p>\n<div id=\"attachment_29768\" style=\"width: 319px\" class=\"wp-caption alignleft\"><img loading=\"lazy\" decoding=\"async\" aria-describedby=\"caption-attachment-29768\" class=\"wp-image-29768\" src=\"https:\/\/www.dyrebeskyttelsen.no\/wp-content\/uploads\/2025\/11\/Rolf.jpg\" alt=\"\" width=\"309\" height=\"328\" srcset=\"https:\/\/www.dyrebeskyttelsen.no\/wp-content\/uploads\/2025\/11\/Rolf.jpg 4284w, https:\/\/www.dyrebeskyttelsen.no\/wp-content\/uploads\/2025\/11\/Rolf-282x300.jpg 282w, https:\/\/www.dyrebeskyttelsen.no\/wp-content\/uploads\/2025\/11\/Rolf-963x1024.jpg 963w, https:\/\/www.dyrebeskyttelsen.no\/wp-content\/uploads\/2025\/11\/Rolf-768x817.jpg 768w, https:\/\/www.dyrebeskyttelsen.no\/wp-content\/uploads\/2025\/11\/Rolf-1445x1536.jpg 1445w, https:\/\/www.dyrebeskyttelsen.no\/wp-content\/uploads\/2025\/11\/Rolf-1926x2048.jpg 1926w, https:\/\/www.dyrebeskyttelsen.no\/wp-content\/uploads\/2025\/11\/Rolf-600x638.jpg 600w, https:\/\/www.dyrebeskyttelsen.no\/wp-content\/uploads\/2025\/11\/Rolf-24x24.jpg 24w, https:\/\/www.dyrebeskyttelsen.no\/wp-content\/uploads\/2025\/11\/Rolf-56x60.jpg 56w, https:\/\/www.dyrebeskyttelsen.no\/wp-content\/uploads\/2025\/11\/Rolf-85x90.jpg 85w\" sizes=\"auto, (max-width: 309px) 100vw, 309px\" \/><p id=\"caption-attachment-29768\" class=\"wp-caption-text\">Rolf med den lille slukkeren som kan slukke branner i sikringsskap.<\/p><\/div>\n<h3><strong>Enkel \u00e5 montere<\/strong><\/h3>\n<p>Vaktmesteren tar\u00a0 oss med til et teknisk rom og Rolf monterer den lille brannslukkeren enkelt med en magnet inne i sikringsskapet.<\/p>\n<p>Hvis temperaturen her blir for h\u00f8y, aktiveres den automatisk og fyller skapet med et ufarlig stoff som raskt kveler flammene. Siden den ikke bruker vann eller pulver, \u00f8delegger den heller ikke elektriske anlegg eller f\u00f8lsomt utstyr.<\/p>\n<p>P\u00e5 en g\u00e5rd, hvor b\u00e5de dyr og mennesker er avhengige av trygghet, gir dette en ekstra sikkerhet i tekniske rom og installasjoner og det gj\u00f8r hverdagen litt tryggere for alle som bor og ferdes her.<\/p>\n<p>&nbsp;<\/p>\n<p>Rolf snakker ivrig med vaktmesteren om hvor viktig det er \u00e5 ha en plan hvis det f\u00f8rst begynner \u00e5 brenne. Og f\u00f8r vi har reist derfra, har han tilbudt seg \u00e5 gi alle som jobber p\u00e5 g\u00e5rden et gratis kurs og brannvern\u00f8velse.<\/p>\n<p>Vi h\u00e5per framover \u00e5 installere dette smarte og viktige slukkeutstyret i alle v\u00e5re lokalavdelingers sikringsskap, s\u00e5nn at alle dyrene vi hjelper, ogs\u00e5 f\u00e5r ekstra trygghet.<\/p>\n<p>&nbsp;<\/p>\n<p>&nbsp;<\/p>\n<div id=\"attachment_29766\" style=\"width: 292px\" class=\"wp-caption alignright\"><img loading=\"lazy\" decoding=\"async\" aria-describedby=\"caption-attachment-29766\" class=\" wp-image-29766\" src=\"https:\/\/www.dyrebeskyttelsen.no\/wp-content\/uploads\/2025\/11\/IMG_1622.jpeg\" alt=\"\" width=\"282\" height=\"473\" srcset=\"https:\/\/www.dyrebeskyttelsen.no\/wp-content\/uploads\/2025\/11\/IMG_1622.jpeg 1084w, https:\/\/www.dyrebeskyttelsen.no\/wp-content\/uploads\/2025\/11\/IMG_1622-179x300.jpeg 179w, https:\/\/www.dyrebeskyttelsen.no\/wp-content\/uploads\/2025\/11\/IMG_1622-611x1024.jpeg 611w, https:\/\/www.dyrebeskyttelsen.no\/wp-content\/uploads\/2025\/11\/IMG_1622-768x1288.jpeg 768w, https:\/\/www.dyrebeskyttelsen.no\/wp-content\/uploads\/2025\/11\/IMG_1622-916x1536.jpeg 916w, https:\/\/www.dyrebeskyttelsen.no\/wp-content\/uploads\/2025\/11\/IMG_1622-600x1006.jpeg 600w, https:\/\/www.dyrebeskyttelsen.no\/wp-content\/uploads\/2025\/11\/IMG_1622-36x60.jpeg 36w, https:\/\/www.dyrebeskyttelsen.no\/wp-content\/uploads\/2025\/11\/IMG_1622-54x90.jpeg 54w\" sizes=\"auto, (max-width: 282px) 100vw, 282px\" \/><p id=\"caption-attachment-29766\" class=\"wp-caption-text\">P\u00e5 EKT er det b\u00e5de bes\u00f8ksg\u00e5rd og rideskole. For en liten inngangsbillett kan barn og voksne f\u00e5 n\u00e6rkontakt med mange ulike dyr. Og de som \u00f8nsker det kan f\u00e5 ri en liten runde p\u00e5 en av de flotte ponniene som st\u00e5r klare.<\/p><\/div>\n<p>&nbsp;<\/p>\n<p><img loading=\"lazy\" decoding=\"async\" class=\"wp-image-29763 alignleft\" src=\"https:\/\/www.dyrebeskyttelsen.no\/wp-content\/uploads\/2025\/11\/IMG_1619.jpeg\" alt=\"\" width=\"349\" height=\"449\" srcset=\"https:\/\/www.dyrebeskyttelsen.no\/wp-content\/uploads\/2025\/11\/IMG_1619.jpeg 1147w, https:\/\/www.dyrebeskyttelsen.no\/wp-content\/uploads\/2025\/11\/IMG_1619-233x300.jpeg 233w, https:\/\/www.dyrebeskyttelsen.no\/wp-content\/uploads\/2025\/11\/IMG_1619-795x1024.jpeg 795w, https:\/\/www.dyrebeskyttelsen.no\/wp-content\/uploads\/2025\/11\/IMG_1619-768x989.jpeg 768w, https:\/\/www.dyrebeskyttelsen.no\/wp-content\/uploads\/2025\/11\/IMG_1619-600x773.jpeg 600w, https:\/\/www.dyrebeskyttelsen.no\/wp-content\/uploads\/2025\/11\/IMG_1619-47x60.jpeg 47w, https:\/\/www.dyrebeskyttelsen.no\/wp-content\/uploads\/2025\/11\/IMG_1619-70x90.jpeg 70w\" sizes=\"auto, (max-width: 349px) 100vw, 349px\" \/><img loading=\"lazy\" decoding=\"async\" class=\"wp-image-29761 alignleft\" src=\"https:\/\/www.dyrebeskyttelsen.no\/wp-content\/uploads\/2025\/11\/image-0000.jpeg\" alt=\"\" width=\"241\" height=\"428\" srcset=\"https:\/\/www.dyrebeskyttelsen.no\/wp-content\/uploads\/2025\/11\/image-0000.jpeg 1206w, https:\/\/www.dyrebeskyttelsen.no\/wp-content\/uploads\/2025\/11\/image-0000-169x300.jpeg 169w, https:\/\/www.dyrebeskyttelsen.no\/wp-content\/uploads\/2025\/11\/image-0000-576x1024.jpeg 576w, https:\/\/www.dyrebeskyttelsen.no\/wp-content\/uploads\/2025\/11\/image-0000-768x1365.jpeg 768w, https:\/\/www.dyrebeskyttelsen.no\/wp-content\/uploads\/2025\/11\/image-0000-864x1536.jpeg 864w, https:\/\/www.dyrebeskyttelsen.no\/wp-content\/uploads\/2025\/11\/image-0000-1152x2048.jpeg 1152w, https:\/\/www.dyrebeskyttelsen.no\/wp-content\/uploads\/2025\/11\/image-0000-600x1067.jpeg 600w, https:\/\/www.dyrebeskyttelsen.no\/wp-content\/uploads\/2025\/11\/image-0000-34x60.jpeg 34w, https:\/\/www.dyrebeskyttelsen.no\/wp-content\/uploads\/2025\/11\/image-0000-51x90.jpeg 51w\" sizes=\"auto, (max-width: 241px) 100vw, 241px\" \/><img loading=\"lazy\" decoding=\"async\" class=\"wp-image-29762 alignright\" src=\"https:\/\/www.dyrebeskyttelsen.no\/wp-content\/uploads\/2025\/11\/IMG_1618.jpeg\" alt=\"\" width=\"329\" height=\"506\" srcset=\"https:\/\/www.dyrebeskyttelsen.no\/wp-content\/uploads\/2025\/11\/IMG_1618.jpeg 1206w, https:\/\/www.dyrebeskyttelsen.no\/wp-content\/uploads\/2025\/11\/IMG_1618-195x300.jpeg 195w, https:\/\/www.dyrebeskyttelsen.no\/wp-content\/uploads\/2025\/11\/IMG_1618-665x1024.jpeg 665w, https:\/\/www.dyrebeskyttelsen.no\/wp-content\/uploads\/2025\/11\/IMG_1618-768x1183.jpeg 768w, https:\/\/www.dyrebeskyttelsen.no\/wp-content\/uploads\/2025\/11\/IMG_1618-998x1536.jpeg 998w, https:\/\/www.dyrebeskyttelsen.no\/wp-content\/uploads\/2025\/11\/IMG_1618-600x924.jpeg 600w, https:\/\/www.dyrebeskyttelsen.no\/wp-content\/uploads\/2025\/11\/IMG_1618-39x60.jpeg 39w, https:\/\/www.dyrebeskyttelsen.no\/wp-content\/uploads\/2025\/11\/IMG_1618-58x90.jpeg 58w\" sizes=\"auto, (max-width: 329px) 100vw, 329px\" \/><\/p>\n","protected":false},"excerpt":{"rendered":"<p>T\u00e5ken ligger lav og gr\u00e5 rundt g\u00e5rden p\u00e5 Ekeberg og ser nesten ut som r\u00f8yk. Det passer bra med grunnen&#8230;<\/p>\n","protected":false},"author":70,"featured_media":29763,"comment_status":"closed","ping_status":"closed","sticky":false,"template":"","format":"standard","meta":{"_acf_changed":false,"give_campaign_id":0,"inline_featured_image":false,"footnotes":""},"categories":[32],"tags":[1634,1631,1633,48,639,1632],"class_list":{"0":"post-29760","1":"post","2":"type-post","3":"status-publish","4":"format-standard","5":"has-post-thumbnail","7":"category-nyheter","8":"tag-brannmann","9":"tag-brannvern","10":"tag-driftsbygning","11":"tag-dyr","12":"tag-landbruk","13":"tag-sikkehet"},"acf":[],"jetpack_featured_media_url":"https:\/\/www.dyrebeskyttelsen.no\/wp-content\/uploads\/2025\/11\/IMG_1619.jpeg","_links":{"self":[{"href":"https:\/\/www.dyrebeskyttelsen.no\/en\/wp-json\/wp\/v2\/posts\/29760","targetHints":{"allow":["GET"]}}],"collection":[{"href":"https:\/\/www.dyrebeskyttelsen.no\/en\/wp-json\/wp\/v2\/posts"}],"about":[{"href":"https:\/\/www.dyrebeskyttelsen.no\/en\/wp-json\/wp\/v2\/types\/post"}],"author":[{"embeddable":true,"href":"https:\/\/www.dyrebeskyttelsen.no\/en\/wp-json\/wp\/v2\/users\/70"}],"replies":[{"embeddable":true,"href":"https:\/\/www.dyrebeskyttelsen.no\/en\/wp-json\/wp\/v2\/comments?post=29760"}],"version-history":[{"count":0,"href":"https:\/\/www.dyrebeskyttelsen.no\/en\/wp-json\/wp\/v2\/posts\/29760\/revisions"}],"wp:featuredmedia":[{"embeddable":true,"href":"https:\/\/www.dyrebeskyttelsen.no\/en\/wp-json\/wp\/v2\/media\/29763"}],"wp:attachment":[{"href":"https:\/\/www.dyrebeskyttelsen.no\/en\/wp-json\/wp\/v2\/media?parent=29760"}],"wp:term":[{"taxonomy":"category","embeddable":true,"href":"https:\/\/www.dyrebeskyttelsen.no\/en\/wp-json\/wp\/v2\/categories?post=29760"},{"taxonomy":"post_tag","embeddable":true,"href":"https:\/\/www.dyrebeskyttelsen.no\/en\/wp-json\/wp\/v2\/tags?post=29760"}],"curies":[{"name":"wp","href":"https:\/\/api.w.org\/{rel}","templated":true}]}}