{"id":29100,"date":"2025-10-13T14:07:23","date_gmt":"2025-10-13T12:07:23","guid":{"rendered":"https:\/\/www.dyrebeskyttelsen.no\/?p=29100"},"modified":"2025-10-13T14:07:23","modified_gmt":"2025-10-13T12:07:23","slug":"hester-er-levende-vesener-med-egne-behov-folelser-og-grenser","status":"publish","type":"post","link":"https:\/\/www.dyrebeskyttelsen.no\/en\/2025\/10\/13\/hester-er-levende-vesener-med-egne-behov-folelser-og-grenser\/","title":{"rendered":"\u2013  Hester er levende vesener med egne behov, f\u00f8lelser og grenser"},"content":{"rendered":"<p><img loading=\"lazy\" decoding=\"async\" class=\"aligncenter wp-image-29101 size-full\" src=\"https:\/\/www.dyrebeskyttelsen.no\/wp-content\/uploads\/2025\/08\/LiveBonnevieHest.jpg\" alt=\"\" width=\"2560\" height=\"1439\" \/><\/p>\n<p><strong>Om hesten til Live Bonnevie ikke kommer til grinden og m\u00f8ter henne, blir det ingen ridetur den dagen. For omtrent 25 \u00e5r siden endret synet p\u00e5 hester seg for alltid for Live.<\/strong><\/p>\n<p>Bonnevie har publisert over 250 episoder av Norges st\u00f8rste podkast om hest: \u00abHestenes klan\u00bb. Under Arendalsuka ledet hun debatten vi arrangerte om hestevelferd, der et av sp\u00f8rsm\u00e5lene som ble stilt, var om vold mot hester har blitt normalisert.<\/p>\n<h3><strong>Hva om noen pisket en hund?<\/strong><\/h3>\n<p>Bonnevie m\u00f8ter meg f\u00f8r Arendalsuka for \u00e5 snakke om hestevelferd. I samtalen tegner hun et bilde av hvordan det raskt ville kommet reaksjoner dersom noen behandlet en hund slik flere hester opplever \u00e5 bli behandlet.<\/p>\n<div id=\"attachment_29208\" style=\"width: 176px\" class=\"wp-caption alignleft\"><img loading=\"lazy\" decoding=\"async\" aria-describedby=\"caption-attachment-29208\" class=\" wp-image-29208\" src=\"https:\/\/www.dyrebeskyttelsen.no\/wp-content\/uploads\/2025\/09\/Live-175x300.jpeg\" alt=\"\" width=\"166\" height=\"285\" srcset=\"https:\/\/www.dyrebeskyttelsen.no\/wp-content\/uploads\/2025\/09\/Live-175x300.jpeg 175w, https:\/\/www.dyrebeskyttelsen.no\/wp-content\/uploads\/2025\/09\/Live-597x1024.jpeg 597w, https:\/\/www.dyrebeskyttelsen.no\/wp-content\/uploads\/2025\/09\/Live-768x1318.jpeg 768w, https:\/\/www.dyrebeskyttelsen.no\/wp-content\/uploads\/2025\/09\/Live-895x1536.jpeg 895w, https:\/\/www.dyrebeskyttelsen.no\/wp-content\/uploads\/2025\/09\/Live-1194x2048.jpeg 1194w, https:\/\/www.dyrebeskyttelsen.no\/wp-content\/uploads\/2025\/09\/Live-600x1029.jpeg 600w, https:\/\/www.dyrebeskyttelsen.no\/wp-content\/uploads\/2025\/09\/Live-35x60.jpeg 35w, https:\/\/www.dyrebeskyttelsen.no\/wp-content\/uploads\/2025\/09\/Live-52x90.jpeg 52w, https:\/\/www.dyrebeskyttelsen.no\/wp-content\/uploads\/2025\/09\/Live.jpeg 1206w\" sizes=\"auto, (max-width: 166px) 100vw, 166px\" \/><p id=\"caption-attachment-29208\" class=\"wp-caption-text\">Live Bonnevie.<\/p><\/div>\n<p>\u2013 Om du g\u00e5r forbi en hundeeier som pr\u00f8ver \u00e5 lokke hunden sin til \u00e5 hoppe inn buret i bilen, s\u00e5 tenker du neppe over det. Ser du en hesteeier som enten truer eller sl\u00e5r hesten sin med en pisk for \u00e5 f\u00e5 den inn p\u00e5 en henger, er det ikke sikkert du reagerer p\u00e5 det heller. Hester er jo store dyr. Men la oss snu om p\u00e5 de to:<\/p>\n<p>Hvis du hadde sett at noen slo eller pisket en hund for \u00e5 f\u00e5 den til \u00e5 hoppe inn i bilen, ville du ikke reagert ganske sterkt da? Sier Live og lar sp\u00f8rsm\u00e5let henge i luften.<\/p>\n<p>&nbsp;<\/p>\n<p>Hun poengterer at det er de samme reglene for hester som for hunder. Regler der det \u00e5 bruke vold ikke er lovlig \u2013 men at mange likevel behandler hestene helt annerledes enn hunder. Hun fremhever ogs\u00e5 at bel\u00f8nningsbasert trening er mindre vanlig for hest enn for hund.<\/p>\n<h3><strong>Hesten er ikke et redskap<\/strong><\/h3>\n<p>Tilbake til da alt endret seg. Bonnevie har ikke alltid hatt det blikket p\u00e5 hester som hun har i dag.<\/p>\n<p>\u2013 Som hestejente l\u00e6rte jeg, som s\u00e5 mange andre, at man drar i t\u00f8ylene, sparker med h\u00e6len og bruker pisken hvis det trengs. Det var ikke ondskap, det var bare s\u00e5nn det var, sier hun og forteller videre om et tydelig vendepunkt:<\/p>\n<p>\u2013 Jeg var p\u00e5 et kurs med en amerikansk trener p\u00e5 slutten av 90-tallet og fikk et r\u00e5d jeg aldri hadde f\u00e5tt f\u00f8r: \u00abG\u00e5 ned p\u00e5 beitet, ta tak i halen til hesten og tenk at i dag er det han som bestemmer.\u00bb Jeg gjorde det \u2013 og hesten min gjorde akkurat det treneren hadde sagt. Han foreslo noe. Han ledet meg bort til et sted hvor det en gang hadde v\u00e6rt en grind, og p\u00e5 den andre siden av gjerdet var det gr\u00f8nnere gress. Det var som om han sa: \u00abDette er det jeg vil.\u00bb Da klippet jeg hull i gjerdet for hesten min, og etter det gikk jeg aldri tilbake til \u00e5 behandle hester som f\u00f8r.<\/p>\n<p><strong>Hun hadde stilt hesten sin et ordl\u00f8st sp\u00f8rsm\u00e5l, og han svarte faktisk p\u00e5 det. Den erfaringen endret alt for Live \u2013 hvordan hun trente hesten sin, hvordan hun lyttet og hvordan hun tenkte.<\/strong><\/p>\n<p><img loading=\"lazy\" decoding=\"async\" class=\"aligncenter wp-image-29219\" style=\"--tw-scale-x: 1;--tw-scale-y: 1;--tw-scroll-snap-strictness: proximity;--tw-ring-offset-width: 0px;--tw-ring-offset-color: #fff;--tw-ring-color: #3b82f680;--tw-ring-offset-shadow: 0 0 #0000;--tw-ring-shadow: 0 0 #0000;--tw-shadow: 0 0 #0000;--tw-shadow-colored: 0 0 #0000\" src=\"https:\/\/www.dyrebeskyttelsen.no\/wp-content\/uploads\/2025\/09\/horse-6363466_1280-300x200.jpg\" alt=\"\" width=\"458\" height=\"305\" srcset=\"https:\/\/www.dyrebeskyttelsen.no\/wp-content\/uploads\/2025\/09\/horse-6363466_1280-300x200.jpg 300w, https:\/\/www.dyrebeskyttelsen.no\/wp-content\/uploads\/2025\/09\/horse-6363466_1280-1024x682.jpg 1024w, https:\/\/www.dyrebeskyttelsen.no\/wp-content\/uploads\/2025\/09\/horse-6363466_1280-768x512.jpg 768w, https:\/\/www.dyrebeskyttelsen.no\/wp-content\/uploads\/2025\/09\/horse-6363466_1280-900x600.jpg 900w, https:\/\/www.dyrebeskyttelsen.no\/wp-content\/uploads\/2025\/09\/horse-6363466_1280-600x400.jpg 600w, https:\/\/www.dyrebeskyttelsen.no\/wp-content\/uploads\/2025\/09\/horse-6363466_1280-90x60.jpg 90w, https:\/\/www.dyrebeskyttelsen.no\/wp-content\/uploads\/2025\/09\/horse-6363466_1280-135x90.jpg 135w, https:\/\/www.dyrebeskyttelsen.no\/wp-content\/uploads\/2025\/09\/horse-6363466_1280.jpg 1280w\" sizes=\"auto, (max-width: 458px) 100vw, 458px\" \/><\/p>\n<p>I dag har hun v\u00e6rt tett p\u00e5 hest i over 40 \u00e5r. I m\u00f8tet med egen riding har hun kjent p\u00e5 det hun kaller \u00aben kognitiv dissonans\u00bb:<\/p>\n<p>\u2013 F\u00f8rst m\u00e5 du ta inn over deg alt du har gjort f\u00f8r. Og det er smertefullt. Men den virkelig krevende jobben er \u00e5 finne en ny vei med hestene \u2013 og l\u00e6re \u00e5 snakke et nytt spr\u00e5k. Det er en livslang reise, sier hun.<\/p>\n<h3><strong>En ny generasjon<\/strong><\/h3>\n<p>Ved \u00e5 bidra til \u00e5 \u00f8ke kunnskapen om hesters naturlige behov og atferd, er h\u00e5pet at stadig flere skal forst\u00e5 at hester er levende vesener med egne behov, f\u00f8lelser og grenser \u2013 ikke lydige roboter eller bruksgjenstander.<\/p>\n<p>I arbeidet med podkasten sin liker Live \u00e5 tenke p\u00e5 det som \u00e5 kaste ut sm\u00e5 fr\u00f8 av kunnskap, som ligger klare til \u00e5 spire n\u00e5r det regner \u2013 og litt etter litt f\u00f8re til endring.<\/p>\n<p>\u2013 Heldigvis kjennes det ut som vi er midt i et paradigmeskifte. Om du f\u00f8r la ut et innlegg og spurte om r\u00e5d fordi hesten din l\u00f8p ut med deg, fikk du tips om sterkere bitt og strammere nesereim for \u00e5 f\u00e5 bedre kontroll. I dag sp\u00f8r flere og flere: \u00abHvorfor l\u00f8per hesten din ut med deg?\u00bb forteller Live og smiler.<\/p>\n<p>H\u00e5pet er at nye generasjoner vokser opp med et annet spr\u00e5k i m\u00f8te med hestene. At de ikke starter med \u00e5 l\u00e6re \u00e5 dra, sparke og sl\u00e5 \u2013 men \u00e5 sp\u00f8rre, lytte og forst\u00e5.<\/p>\n<div id=\"attachment_29105\" style=\"width: 310px\" class=\"wp-caption aligncenter\"><a href=\"https:\/\/shows.acast.com\/hestenes-klan\/episodes\/254-hestevelferdsdebatten-arendalsuka-2025\"><img loading=\"lazy\" decoding=\"async\" aria-describedby=\"caption-attachment-29105\" class=\"wp-image-29105 size-medium\" src=\"https:\/\/www.dyrebeskyttelsen.no\/wp-content\/uploads\/2025\/08\/PodcastHestenesKlan-300x300.jpg\" alt=\"\" width=\"300\" height=\"300\" srcset=\"https:\/\/www.dyrebeskyttelsen.no\/wp-content\/uploads\/2025\/08\/PodcastHestenesKlan-300x300.jpg 300w, https:\/\/www.dyrebeskyttelsen.no\/wp-content\/uploads\/2025\/08\/PodcastHestenesKlan-150x150.jpg 150w, https:\/\/www.dyrebeskyttelsen.no\/wp-content\/uploads\/2025\/08\/PodcastHestenesKlan-140x140.jpg 140w, https:\/\/www.dyrebeskyttelsen.no\/wp-content\/uploads\/2025\/08\/PodcastHestenesKlan-100x100.jpg 100w, https:\/\/www.dyrebeskyttelsen.no\/wp-content\/uploads\/2025\/08\/PodcastHestenesKlan-350x350.jpg 350w, https:\/\/www.dyrebeskyttelsen.no\/wp-content\/uploads\/2025\/08\/PodcastHestenesKlan-24x24.jpg 24w, https:\/\/www.dyrebeskyttelsen.no\/wp-content\/uploads\/2025\/08\/PodcastHestenesKlan-48x48.jpg 48w, https:\/\/www.dyrebeskyttelsen.no\/wp-content\/uploads\/2025\/08\/PodcastHestenesKlan-96x96.jpg 96w, https:\/\/www.dyrebeskyttelsen.no\/wp-content\/uploads\/2025\/08\/PodcastHestenesKlan-60x60.jpg 60w, https:\/\/www.dyrebeskyttelsen.no\/wp-content\/uploads\/2025\/08\/PodcastHestenesKlan-90x90.jpg 90w, https:\/\/www.dyrebeskyttelsen.no\/wp-content\/uploads\/2025\/08\/PodcastHestenesKlan.jpg 500w\" sizes=\"auto, (max-width: 300px) 100vw, 300px\" \/><\/a><p id=\"caption-attachment-29105\" class=\"wp-caption-text\">I episode<a href=\"https:\/\/shows.acast.com\/hestenes-klan\/episodes\/254-hestevelferdsdebatten-arendalsuka-2025\"> 254 av podkasten<\/a> kan du h\u00f8re hele debatten om hestevelferd fra Arendalsuka.<\/p><\/div>\n<p><span data-olk-copy-source=\"MessageBody\">Og i <a href=\"https:\/\/shows.acast.com\/5f4c3d8275570c114b445f94\/607c57d74ca26f19ed461e69\">episode <\/a><\/span>22 av HESTENES KLAN &#8211; Aldri for sent \u00e5 \u00e5pne nye d\u00f8rer. Kan du h\u00f8re om da Live spurte hesten sin hva den \u00f8nsket.<\/p>\n<div id=\"attachment_29205\" style=\"width: 419px\" class=\"wp-caption aligncenter\"><img loading=\"lazy\" decoding=\"async\" aria-describedby=\"caption-attachment-29205\" class=\" wp-image-29205\" src=\"https:\/\/www.dyrebeskyttelsen.no\/wp-content\/uploads\/2025\/09\/Debattpanel-300x201.jpg\" alt=\"\" width=\"409\" height=\"274\" srcset=\"https:\/\/www.dyrebeskyttelsen.no\/wp-content\/uploads\/2025\/09\/Debattpanel-300x201.jpg 300w, https:\/\/www.dyrebeskyttelsen.no\/wp-content\/uploads\/2025\/09\/Debattpanel-1024x687.jpg 1024w, https:\/\/www.dyrebeskyttelsen.no\/wp-content\/uploads\/2025\/09\/Debattpanel-768x516.jpg 768w, https:\/\/www.dyrebeskyttelsen.no\/wp-content\/uploads\/2025\/09\/Debattpanel-1536x1031.jpg 1536w, https:\/\/www.dyrebeskyttelsen.no\/wp-content\/uploads\/2025\/09\/Debattpanel-2048x1375.jpg 2048w, https:\/\/www.dyrebeskyttelsen.no\/wp-content\/uploads\/2025\/09\/Debattpanel-600x403.jpg 600w, https:\/\/www.dyrebeskyttelsen.no\/wp-content\/uploads\/2025\/09\/Debattpanel-900x600.jpg 900w, https:\/\/www.dyrebeskyttelsen.no\/wp-content\/uploads\/2025\/09\/Debattpanel-400x269.jpg 400w, https:\/\/www.dyrebeskyttelsen.no\/wp-content\/uploads\/2025\/09\/Debattpanel-89x60.jpg 89w, https:\/\/www.dyrebeskyttelsen.no\/wp-content\/uploads\/2025\/09\/Debattpanel-134x90.jpg 134w\" sizes=\"auto, (max-width: 409px) 100vw, 409px\" \/><p id=\"caption-attachment-29205\" class=\"wp-caption-text\">Debatten om hestevelferd under Arendalsuka.<\/p><\/div>\n","protected":false},"excerpt":{"rendered":"<p>Om hesten til Live Bonnevie ikke kommer til grinden og m\u00f8ter henne, blir det ingen ridetur den dagen. For omtrent&#8230;<\/p>\n","protected":false},"author":70,"featured_media":29101,"comment_status":"closed","ping_status":"closed","sticky":false,"template":"","format":"standard","meta":{"_acf_changed":false,"give_campaign_id":0,"inline_featured_image":false,"footnotes":""},"categories":[43],"tags":[],"class_list":{"0":"post-29100","1":"post","2":"type-post","3":"status-publish","4":"format-standard","5":"has-post-thumbnail","7":"category-artikkel"},"acf":[],"jetpack_featured_media_url":"https:\/\/www.dyrebeskyttelsen.no\/wp-content\/uploads\/2025\/08\/LiveBonnevieHest-e1760357349715.jpg","_links":{"self":[{"href":"https:\/\/www.dyrebeskyttelsen.no\/en\/wp-json\/wp\/v2\/posts\/29100","targetHints":{"allow":["GET"]}}],"collection":[{"href":"https:\/\/www.dyrebeskyttelsen.no\/en\/wp-json\/wp\/v2\/posts"}],"about":[{"href":"https:\/\/www.dyrebeskyttelsen.no\/en\/wp-json\/wp\/v2\/types\/post"}],"author":[{"embeddable":true,"href":"https:\/\/www.dyrebeskyttelsen.no\/en\/wp-json\/wp\/v2\/users\/70"}],"replies":[{"embeddable":true,"href":"https:\/\/www.dyrebeskyttelsen.no\/en\/wp-json\/wp\/v2\/comments?post=29100"}],"version-history":[{"count":0,"href":"https:\/\/www.dyrebeskyttelsen.no\/en\/wp-json\/wp\/v2\/posts\/29100\/revisions"}],"wp:featuredmedia":[{"embeddable":true,"href":"https:\/\/www.dyrebeskyttelsen.no\/en\/wp-json\/wp\/v2\/media\/29101"}],"wp:attachment":[{"href":"https:\/\/www.dyrebeskyttelsen.no\/en\/wp-json\/wp\/v2\/media?parent=29100"}],"wp:term":[{"taxonomy":"category","embeddable":true,"href":"https:\/\/www.dyrebeskyttelsen.no\/en\/wp-json\/wp\/v2\/categories?post=29100"},{"taxonomy":"post_tag","embeddable":true,"href":"https:\/\/www.dyrebeskyttelsen.no\/en\/wp-json\/wp\/v2\/tags?post=29100"}],"curies":[{"name":"wp","href":"https:\/\/api.w.org\/{rel}","templated":true}]}}